{"id":4573,"date":"2024-01-19T00:46:00","date_gmt":"2024-01-18T23:46:00","guid":{"rendered":"http:\/\/977.ablak.arnes.si\/?p=4573"},"modified":"2024-02-19T13:40:23","modified_gmt":"2024-02-19T12:40:23","slug":"juhuhu-sneg-je-tu","status":"publish","type":"post","link":"https:\/\/vrtec-sezana.si\/?p=4573","title":{"rendered":"JUHUHU, SNEG JE TU!"},"content":{"rendered":"\n<p>V petek, 19.1. nas je vreme razveselilo s sne\u017eno po\u0161iljko. Na toplem smo sprva prepevali pesmico \u201cSne\u017einka, sne\u017einka, bela sne\u017einka\u201d, \u010dez \u010das pa so se sne\u017einke okrepile in pobelile na\u0161e igri\u0161\u010de. Ker smo \u017eeleli iti malce na sneg, smo se dobro oblekli (saj veste, da nas zima zima bela, ne bo vzela)- nataknili smo si bunde, rokavice in kape, ki smo jih za\u0161\u010ditili \u0161e s kapucami. Od\u0161li smo na atrij, kjer smo ugotovili, da lahko pustimo odtise na\u0161ih stopinj. Stopinje smo pustili po celem igri\u0161\u010du, pot nas je pa kmalu spet vodila na na\u0161 atrij, kjer smo se \u0161e malo poigrali s snegom, nato pa se hitro umaknili na toplo. Segreli smo se s telovadbo, ob vrnitvi v igralnico pa smo opazili, da je ta\u010das na\u0161e stopinje zakril nov sneg. Hmmm\u2026 Vsekakor je bil za otroke iz skupine \u201cZaj\u010dki\u201d&nbsp; dana\u0161nji sprehod po snegu celo do\u017eivetje!<\/p>\n\n\n\n<p>Besedilo: Mateja Lah Vojska<\/p>\n\n\n\n<p>Slike: Mateja Lah Vojska<\/p>\n\n\n\n<div class=\"wp-block-buttons is-layout-flex wp-block-buttons-is-layout-flex\">\n<div class=\"wp-block-button\"><a class=\"wp-block-button__link wp-element-button\" href=\"https:\/\/vrtec-sezana.si\/?page_id=4574\">GALERIJA<\/a><\/div>\n<\/div>\n","protected":false},"excerpt":{"rendered":"<p>V petek, 19.1. nas je vreme razveselilo s sne\u017eno po\u0161iljko. Na toplem smo sprva prepevali pesmico \u201cSne\u017einka, sne\u017einka, bela sne\u017einka\u201d, \u010dez \u010das pa so se sne\u017einke okrepile in pobelile na\u0161e igri\u0161\u010de. Ker smo \u017eeleli iti malce na sneg, smo se dobro oblekli&#8230;<\/p>\n","protected":false},"author":1,"featured_media":169,"comment_status":"closed","ping_status":"closed","sticky":false,"template":"","format":"standard","meta":{"footnotes":""},"categories":[6],"tags":[],"jetpack_featured_media_url":"https:\/\/vrtec-sezana.si\/wp-content\/uploads\/2023\/11\/OpisLehte.jpg","_links":{"self":[{"href":"https:\/\/vrtec-sezana.si\/index.php?rest_route=\/wp\/v2\/posts\/4573"}],"collection":[{"href":"https:\/\/vrtec-sezana.si\/index.php?rest_route=\/wp\/v2\/posts"}],"about":[{"href":"https:\/\/vrtec-sezana.si\/index.php?rest_route=\/wp\/v2\/types\/post"}],"author":[{"embeddable":true,"href":"https:\/\/vrtec-sezana.si\/index.php?rest_route=\/wp\/v2\/users\/1"}],"replies":[{"embeddable":true,"href":"https:\/\/vrtec-sezana.si\/index.php?rest_route=%2Fwp%2Fv2%2Fcomments&post=4573"}],"version-history":[{"count":2,"href":"https:\/\/vrtec-sezana.si\/index.php?rest_route=\/wp\/v2\/posts\/4573\/revisions"}],"predecessor-version":[{"id":7001,"href":"https:\/\/vrtec-sezana.si\/index.php?rest_route=\/wp\/v2\/posts\/4573\/revisions\/7001"}],"wp:featuredmedia":[{"embeddable":true,"href":"https:\/\/vrtec-sezana.si\/index.php?rest_route=\/wp\/v2\/media\/169"}],"wp:attachment":[{"href":"https:\/\/vrtec-sezana.si\/index.php?rest_route=%2Fwp%2Fv2%2Fmedia&parent=4573"}],"wp:term":[{"taxonomy":"category","embeddable":true,"href":"https:\/\/vrtec-sezana.si\/index.php?rest_route=%2Fwp%2Fv2%2Fcategories&post=4573"},{"taxonomy":"post_tag","embeddable":true,"href":"https:\/\/vrtec-sezana.si\/index.php?rest_route=%2Fwp%2Fv2%2Ftags&post=4573"}],"curies":[{"name":"wp","href":"https:\/\/api.w.org\/{rel}","templated":true}]}}