{"id":4550,"date":"2024-01-14T00:42:00","date_gmt":"2024-01-13T23:42:00","guid":{"rendered":"http:\/\/977.ablak.arnes.si\/?p=4550"},"modified":"2024-02-19T13:45:00","modified_gmt":"2024-02-19T12:45:00","slug":"evakuacijska-vaja-z-gasilci-skupina-netopircki","status":"publish","type":"post","link":"https:\/\/vrtec-sezana.si\/?p=4550","title":{"rendered":"EVAKUACIJSKA VAJA Z GASILCI (SKUPINA NETOPIR\u010cKI)"},"content":{"rendered":"\n<p>\u201cPo\u017ear, po\u017ear!\u201d smo zasli\u0161ali vzgojiteljico Mojco, ki je pritekla tudi do na\u0161e igralnice. Stekli smo pred vrtec na zbirno mesto. Nekateri otroci so bili prestra\u0161eni, drugi radovedni, ob\u010dutki so bili razli\u010dni. Ko smo bili vsi iz vrtca na varnem smo zasli\u0161ali sireno. Pripeljal se je gasilski kamion. Gasilci so razpotegnili cevi in stekli v vrtec. \u010cez nekaj \u010dasa so pritekli ven in razglasili: \u201cPo\u017ear je poga\u0161en!\u201d Otroci so jim navdu\u0161eno zaploskali. Nato smo otrokom razlo\u017eili, da smo imeli evakuacijsko vajo ter njen namen. Pomembno je, da znamo v takih situacijah primerno, hitro in varno odreagirati.<\/p>\n\n\n\n<p>Nato smo si \u0161li ogledat \u0161e gasilsko vozilo, otroci pa so pomerili pravo gasilsko \u010delado (vsi niso \u017eeleli).<\/p>\n\n\n\n<p>Besedilo: Anja Kristan<\/p>\n\n\n\n<p>Fotografije: Anja Kristan<\/p>\n\n\n\n<div class=\"wp-block-buttons is-layout-flex wp-block-buttons-is-layout-flex\">\n<div class=\"wp-block-button\"><a class=\"wp-block-button__link wp-element-button\" href=\"https:\/\/vrtec-sezana.si\/?page_id=4551\">GALERIJA<\/a><\/div>\n<\/div>\n","protected":false},"excerpt":{"rendered":"<p>\u201cPo\u017ear, po\u017ear!\u201d smo zasli\u0161ali vzgojiteljico Mojco, ki je pritekla tudi do na\u0161e igralnice. Stekli smo pred vrtec na zbirno mesto. Nekateri otroci so bili prestra\u0161eni, drugi radovedni, ob\u010dutki so bili razli\u010dni. Ko smo bili vsi iz vrtca na varnem smo zasli\u0161ali sireno&#8230;.<\/p>\n","protected":false},"author":1,"featured_media":340,"comment_status":"closed","ping_status":"closed","sticky":false,"template":"","format":"standard","meta":{"footnotes":""},"categories":[8],"tags":[],"jetpack_featured_media_url":"https:\/\/vrtec-sezana.si\/wp-content\/uploads\/2023\/11\/OpisSezana.jpg","_links":{"self":[{"href":"https:\/\/vrtec-sezana.si\/index.php?rest_route=\/wp\/v2\/posts\/4550"}],"collection":[{"href":"https:\/\/vrtec-sezana.si\/index.php?rest_route=\/wp\/v2\/posts"}],"about":[{"href":"https:\/\/vrtec-sezana.si\/index.php?rest_route=\/wp\/v2\/types\/post"}],"author":[{"embeddable":true,"href":"https:\/\/vrtec-sezana.si\/index.php?rest_route=\/wp\/v2\/users\/1"}],"replies":[{"embeddable":true,"href":"https:\/\/vrtec-sezana.si\/index.php?rest_route=%2Fwp%2Fv2%2Fcomments&post=4550"}],"version-history":[{"count":2,"href":"https:\/\/vrtec-sezana.si\/index.php?rest_route=\/wp\/v2\/posts\/4550\/revisions"}],"predecessor-version":[{"id":7011,"href":"https:\/\/vrtec-sezana.si\/index.php?rest_route=\/wp\/v2\/posts\/4550\/revisions\/7011"}],"wp:featuredmedia":[{"embeddable":true,"href":"https:\/\/vrtec-sezana.si\/index.php?rest_route=\/wp\/v2\/media\/340"}],"wp:attachment":[{"href":"https:\/\/vrtec-sezana.si\/index.php?rest_route=%2Fwp%2Fv2%2Fmedia&parent=4550"}],"wp:term":[{"taxonomy":"category","embeddable":true,"href":"https:\/\/vrtec-sezana.si\/index.php?rest_route=%2Fwp%2Fv2%2Fcategories&post=4550"},{"taxonomy":"post_tag","embeddable":true,"href":"https:\/\/vrtec-sezana.si\/index.php?rest_route=%2Fwp%2Fv2%2Ftags&post=4550"}],"curies":[{"name":"wp","href":"https:\/\/api.w.org\/{rel}","templated":true}]}}