{"id":4511,"date":"2024-01-16T00:37:00","date_gmt":"2024-01-15T23:37:00","guid":{"rendered":"http:\/\/977.ablak.arnes.si\/?p=4511"},"modified":"2024-02-19T13:42:15","modified_gmt":"2024-02-19T12:42:15","slug":"obisk-starih-starsev-v-skupini-netopircki","status":"publish","type":"post","link":"https:\/\/vrtec-sezana.si\/?p=4511","title":{"rendered":"OBISK STARIH STAR\u0160EV V SKUPINI NETOPIR\u010cKI"},"content":{"rendered":"\n<p>V preteklosti so bile majhne skupnosti osrednjega pomena za \u017eivljenje. Njeni \u010dlani so&nbsp;bili med seboj soodvisni, vsak je bil dele\u017een podpore in njegovo zdravje je bila odgovornost celotne skupnosti. Zaradi razvoja in oblikovanja vse bolj sofisticirane tehnologije so se skupnosti razvile v mesta in nastale so manj\u0161e izolirane enote \u2013 jedrne dru\u017eine, kateri posamezni \u010dlani pogosto \u017eivijo lo\u010deno.<\/p>\n\n\n\n<p>V vrtcu se trudimo za povezanost z dru\u017einami otrok, saj se zavedamo, da vsi pripadamo dru\u017ebi in smo pomembni. Skupaj gradimo skupnost, ki temelji na vrednotah spo\u0161tovanja, sprejemanja, povezovanja. To je varovalna mre\u017ea za na\u0161e otroke, da bodo zrasli v odgovorne, zdrave posameznike, ki jim ne bo vseeno drug za drugega in bodo znali skrbeti za lastno in dobro po\u010dutje ljudi, ki jih obdajajo.<\/p>\n\n\n\n<p>V raz\u0161irjeno dru\u017eino spadajo tudi stari star\u0161i, ki jih z veseljem sprejmemo medse. In tako so nas v skupini Netopir\u010dki (otroci stari 4-6 let) obiskali mnogi dedki, babice, \u2026 ki jih otroci glede na svoje kulturno jezikovno ozadje imenujejo tudi nona, babi, baba, majka, nana, \u2026. za dedke pa nono, dedi, \u010da\u010da, babo, \u2026 Otroci so svojim starim star\u0161em vedno radi nastopali, razkazali vrtec, z nekaterimi smo se odpravili na sprehod, ogled razstav v Kosovelov dom, na planinski pohod okoli Tabora, na pravljico v Kosovelovo knji\u017enico, z drugimi smo se v vrtcu igrali, risali, plesali, praznovali, barvali pti\u010dje krmilnice, trli orehe, \u2026. Vsak obisk je bil nekaj posebnega in edinstvenega. Vsaka babica ali dedek je na dan obiska postal babica ali dedek \u010disto vseh otrok. Vsak otrok je \u017earel, ko je predstavil svoje stare star\u0161e, zanje so edinstven zaklad in zato smo jih tudi mi tako sprejeli in obdarili. Naj bodo stari star\u0161i zakladi in zakladnice na\u0161e skupnosti. Hvala vsem, da ste pri\u0161li.<\/p>\n\n\n\n<p>Besedilo: Anja Kristan<\/p>\n\n\n\n<p>Fotografije: Anja Vi\u0161\u010dek<\/p>\n\n\n\n<div class=\"wp-block-buttons is-layout-flex wp-block-buttons-is-layout-flex\">\n<div class=\"wp-block-button\"><a class=\"wp-block-button__link wp-element-button\" href=\"https:\/\/vrtec-sezana.si\/?page_id=4512\">GALERIJA<\/a><\/div>\n<\/div>\n","protected":false},"excerpt":{"rendered":"<p>V preteklosti so bile majhne skupnosti osrednjega pomena za \u017eivljenje. Njeni \u010dlani so&nbsp;bili med seboj soodvisni, vsak je bil dele\u017een podpore in njegovo zdravje je bila odgovornost celotne skupnosti. Zaradi razvoja in oblikovanja vse bolj sofisticirane tehnologije so se skupnosti razvile v&#8230;<\/p>\n","protected":false},"author":1,"featured_media":340,"comment_status":"closed","ping_status":"closed","sticky":false,"template":"","format":"standard","meta":{"footnotes":""},"categories":[8],"tags":[],"jetpack_featured_media_url":"https:\/\/vrtec-sezana.si\/wp-content\/uploads\/2023\/11\/OpisSezana.jpg","_links":{"self":[{"href":"https:\/\/vrtec-sezana.si\/index.php?rest_route=\/wp\/v2\/posts\/4511"}],"collection":[{"href":"https:\/\/vrtec-sezana.si\/index.php?rest_route=\/wp\/v2\/posts"}],"about":[{"href":"https:\/\/vrtec-sezana.si\/index.php?rest_route=\/wp\/v2\/types\/post"}],"author":[{"embeddable":true,"href":"https:\/\/vrtec-sezana.si\/index.php?rest_route=\/wp\/v2\/users\/1"}],"replies":[{"embeddable":true,"href":"https:\/\/vrtec-sezana.si\/index.php?rest_route=%2Fwp%2Fv2%2Fcomments&post=4511"}],"version-history":[{"count":2,"href":"https:\/\/vrtec-sezana.si\/index.php?rest_route=\/wp\/v2\/posts\/4511\/revisions"}],"predecessor-version":[{"id":7003,"href":"https:\/\/vrtec-sezana.si\/index.php?rest_route=\/wp\/v2\/posts\/4511\/revisions\/7003"}],"wp:featuredmedia":[{"embeddable":true,"href":"https:\/\/vrtec-sezana.si\/index.php?rest_route=\/wp\/v2\/media\/340"}],"wp:attachment":[{"href":"https:\/\/vrtec-sezana.si\/index.php?rest_route=%2Fwp%2Fv2%2Fmedia&parent=4511"}],"wp:term":[{"taxonomy":"category","embeddable":true,"href":"https:\/\/vrtec-sezana.si\/index.php?rest_route=%2Fwp%2Fv2%2Fcategories&post=4511"},{"taxonomy":"post_tag","embeddable":true,"href":"https:\/\/vrtec-sezana.si\/index.php?rest_route=%2Fwp%2Fv2%2Ftags&post=4511"}],"curies":[{"name":"wp","href":"https:\/\/api.w.org\/{rel}","templated":true}]}}