{"id":4485,"date":"2024-01-19T00:33:00","date_gmt":"2024-01-18T23:33:00","guid":{"rendered":"http:\/\/977.ablak.arnes.si\/?p=4485"},"modified":"2024-01-22T00:36:52","modified_gmt":"2024-01-21T23:36:52","slug":"pisana-jesen-v-skupini-zabice","status":"publish","type":"post","link":"https:\/\/vrtec-sezana.si\/?p=4485","title":{"rendered":"PISANA JESEN V SKUPINI \u017dABICE"},"content":{"rendered":"\n<p>Po dolgem poletju smo zakorakali v novo \u0161olsko leto. Prvi jesenski dan smo obele\u017eili s plesom ma\u017eoretk. Odpravili smo se na ve\u010d jesenskih pohodov. Skupaj z otroci iz skupine Netopir\u010dki smo si ogledali pastirske hi\u0161ke in suhi zid v \u017divem muzeju Krasa. Udele\u017eili smo se Mini olimpijade, preizkusili smo se v igrivi ko\u0161arki. Nau\u010dili smo se nekaj plesnih korakov, pri tem nam je pomagalo plesno dru\u0161tvo Mavrica in baletno dru\u0161tvo Diva\u010da. Sami smo si pripravili sadno malico. Rezali smo sadje, ki so ga otroci prinesli od doma in naredili sadno kupo. Bila je zelo okusna. Na pobudo otrok, smo raziskovali s pove\u010devalnimi stekli gozdne \u017eivali (mravlje, \u017eu\u017eke, \u0161u\u0161tarje \u2026). V mesecu oktobru smo izvedli evakuacijo. Otroci so z zanimanjem opazovali izvedbo gasilske vaje in si ob koncu ogledali \u0161e njihovo opremo. Tradicionalni slovenski zajtrk smo obele\u017eili tako, da nam je vodja kuhinje pri\u0161la pokazat kako iz moke naredimo kruh. Na koncu smo kruh tudi poskusili. Bil je zelo dober.&nbsp;<\/p>\n\n\n\n<p>Jesen je bila zelo aktivna in barvita.&nbsp;<\/p>\n\n\n\n<p>Besedilo: Nina Poropat<\/p>\n\n\n\n<p>Fotografije: Nina Poropat<\/p>\n\n\n\n<div class=\"wp-block-buttons is-layout-flex wp-block-buttons-is-layout-flex\">\n<div class=\"wp-block-button\"><a class=\"wp-block-button__link wp-element-button\" href=\"http:\/\/977.ablak.arnes.si\/?page_id=4486\">GALERIJA<\/a><\/div>\n<\/div>\n","protected":false},"excerpt":{"rendered":"<p>Po dolgem poletju smo zakorakali v novo \u0161olsko leto. Prvi jesenski dan smo obele\u017eili s plesom ma\u017eoretk. Odpravili smo se na ve\u010d jesenskih pohodov. Skupaj z otroci iz skupine Netopir\u010dki smo si ogledali pastirske hi\u0161ke in suhi zid v \u017divem muzeju Krasa&#8230;.<\/p>\n","protected":false},"author":3,"featured_media":340,"comment_status":"closed","ping_status":"closed","sticky":false,"template":"","format":"standard","meta":{"footnotes":""},"categories":[8],"tags":[],"jetpack_featured_media_url":"https:\/\/vrtec-sezana.si\/wp-content\/uploads\/2023\/11\/OpisSezana.jpg","_links":{"self":[{"href":"https:\/\/vrtec-sezana.si\/index.php?rest_route=\/wp\/v2\/posts\/4485"}],"collection":[{"href":"https:\/\/vrtec-sezana.si\/index.php?rest_route=\/wp\/v2\/posts"}],"about":[{"href":"https:\/\/vrtec-sezana.si\/index.php?rest_route=\/wp\/v2\/types\/post"}],"author":[{"embeddable":true,"href":"https:\/\/vrtec-sezana.si\/index.php?rest_route=\/wp\/v2\/users\/3"}],"replies":[{"embeddable":true,"href":"https:\/\/vrtec-sezana.si\/index.php?rest_route=%2Fwp%2Fv2%2Fcomments&post=4485"}],"version-history":[{"count":1,"href":"https:\/\/vrtec-sezana.si\/index.php?rest_route=\/wp\/v2\/posts\/4485\/revisions"}],"predecessor-version":[{"id":4509,"href":"https:\/\/vrtec-sezana.si\/index.php?rest_route=\/wp\/v2\/posts\/4485\/revisions\/4509"}],"wp:featuredmedia":[{"embeddable":true,"href":"https:\/\/vrtec-sezana.si\/index.php?rest_route=\/wp\/v2\/media\/340"}],"wp:attachment":[{"href":"https:\/\/vrtec-sezana.si\/index.php?rest_route=%2Fwp%2Fv2%2Fmedia&parent=4485"}],"wp:term":[{"taxonomy":"category","embeddable":true,"href":"https:\/\/vrtec-sezana.si\/index.php?rest_route=%2Fwp%2Fv2%2Fcategories&post=4485"},{"taxonomy":"post_tag","embeddable":true,"href":"https:\/\/vrtec-sezana.si\/index.php?rest_route=%2Fwp%2Fv2%2Ftags&post=4485"}],"curies":[{"name":"wp","href":"https:\/\/api.w.org\/{rel}","templated":true}]}}