{"id":4435,"date":"2024-01-21T00:27:00","date_gmt":"2024-01-20T23:27:00","guid":{"rendered":"http:\/\/977.ablak.arnes.si\/?p=4435"},"modified":"2024-02-19T13:39:55","modified_gmt":"2024-02-19T12:39:55","slug":"dan-brez-multimedije","status":"publish","type":"post","link":"https:\/\/vrtec-sezana.si\/?p=4435","title":{"rendered":"DAN BREZ MULTIMEDIJE"},"content":{"rendered":"\n<p>Vsako leto 20. januarja v vrtcu obele\u017eimo dan brez multimedije. Dan je namenjen ozave\u0161\u010danju o aktivnem in zdravem pre\u017eivljanju prostega \u010dasa. Obenem pa poteka tudi osve\u0161\u010danje o varni uporabi multimedije.<\/p>\n\n\n\n<p>Z otroki se pogovarjamo o koristih in pasteh uporabe zaslonov (televizija, ra\u010dunalnik, telefon, tablica,\u2026). S strani odraslih je predvsem pomemben premislek glede \u010dasovnih in vsebinskih okvirov, ki \u0161e&nbsp;omogo\u010dajo koristno in varno uporabo za njihovo zdravje.<\/p>\n\n\n\n<p>V skupini Netopir\u010dki smo se pogovarjali, kaj otroci najraje po\u010dnejo s svojo dru\u017eino oziroma, kaj si \u017eelijo da bi po\u010deli v prostem \u010dasu brez uporabe ekranov. Ugotovili smo, da jim ekranov sploh ni potrebno omeniti. Ko vpra\u0161a\u0161 otroka, kaj bi rad po\u010del za vikend s svojimi star\u0161i niti eden ne omeni uporabe ekranov. Torej si otroci bolj \u017eelijo dru\u017eenja in igre s star\u0161i, kot pa z ekrani. In videti je kako u\u017eivajo v lepih dogodiv\u0161\u010dinah z dru\u017eino, saj o njih res radi pripovedujejo. Otroci so likovno ustvarjali na to temo.&nbsp;<\/p>\n\n\n\n<p>Besedilo: Anja Kristan<\/p>\n\n\n\n<p>Fotografije: Anja Vi\u0161\u010dek<\/p>\n\n\n\n<div class=\"wp-block-buttons is-layout-flex wp-block-buttons-is-layout-flex\">\n<div class=\"wp-block-button\"><a class=\"wp-block-button__link wp-element-button\" href=\"https:\/\/vrtec-sezana.si\/?page_id=4436\">GALERIJA<\/a><\/div>\n<\/div>\n","protected":false},"excerpt":{"rendered":"<p>Vsako leto 20. januarja v vrtcu obele\u017eimo dan brez multimedije. Dan je namenjen ozave\u0161\u010danju o aktivnem in zdravem pre\u017eivljanju prostega \u010dasa. Obenem pa poteka tudi osve\u0161\u010danje o varni uporabi multimedije. Z otroki se pogovarjamo o koristih in pasteh uporabe zaslonov (televizija, ra\u010dunalnik,&#8230;<\/p>\n","protected":false},"author":1,"featured_media":340,"comment_status":"closed","ping_status":"closed","sticky":false,"template":"","format":"standard","meta":{"footnotes":""},"categories":[8],"tags":[],"jetpack_featured_media_url":"https:\/\/vrtec-sezana.si\/wp-content\/uploads\/2023\/11\/OpisSezana.jpg","_links":{"self":[{"href":"https:\/\/vrtec-sezana.si\/index.php?rest_route=\/wp\/v2\/posts\/4435"}],"collection":[{"href":"https:\/\/vrtec-sezana.si\/index.php?rest_route=\/wp\/v2\/posts"}],"about":[{"href":"https:\/\/vrtec-sezana.si\/index.php?rest_route=\/wp\/v2\/types\/post"}],"author":[{"embeddable":true,"href":"https:\/\/vrtec-sezana.si\/index.php?rest_route=\/wp\/v2\/users\/1"}],"replies":[{"embeddable":true,"href":"https:\/\/vrtec-sezana.si\/index.php?rest_route=%2Fwp%2Fv2%2Fcomments&post=4435"}],"version-history":[{"count":2,"href":"https:\/\/vrtec-sezana.si\/index.php?rest_route=\/wp\/v2\/posts\/4435\/revisions"}],"predecessor-version":[{"id":7000,"href":"https:\/\/vrtec-sezana.si\/index.php?rest_route=\/wp\/v2\/posts\/4435\/revisions\/7000"}],"wp:featuredmedia":[{"embeddable":true,"href":"https:\/\/vrtec-sezana.si\/index.php?rest_route=\/wp\/v2\/media\/340"}],"wp:attachment":[{"href":"https:\/\/vrtec-sezana.si\/index.php?rest_route=%2Fwp%2Fv2%2Fmedia&parent=4435"}],"wp:term":[{"taxonomy":"category","embeddable":true,"href":"https:\/\/vrtec-sezana.si\/index.php?rest_route=%2Fwp%2Fv2%2Fcategories&post=4435"},{"taxonomy":"post_tag","embeddable":true,"href":"https:\/\/vrtec-sezana.si\/index.php?rest_route=%2Fwp%2Fv2%2Ftags&post=4435"}],"curies":[{"name":"wp","href":"https:\/\/api.w.org\/{rel}","templated":true}]}}