{"id":35989,"date":"2026-05-01T10:46:16","date_gmt":"2026-05-01T09:46:16","guid":{"rendered":"https:\/\/vrtec-sezana.si\/?p=35989"},"modified":"2026-05-01T10:46:16","modified_gmt":"2026-05-01T09:46:16","slug":"jaz-in-moja-druzina","status":"publish","type":"post","link":"https:\/\/vrtec-sezana.si\/?p=35989","title":{"rendered":"Jaz in moja dru\u017eina"},"content":{"rendered":"\n<p>V mesecu aprilu in delu marca smo se v skupini Metulj\u010dki posvetili spoznavanju sebe in svojih dru\u017ein. Najprej smo ponovili poimenovanje delov telesa in se nau\u010dili tudi nekaj novih. Ogledovali smo si razli\u010dne enciklopedije na temo \u010dlove\u0161kega telesa ter se ob njih pogovarjali. S pomo\u010djo igre Obli\u017e smo utrjevali poimenovanje delov telesa, ter ponovili deklamacijo To sem jaz.<\/p>\n\n\n\n<p>Vsak otrok je v vrtec prinesel fotografijo svoje dru\u017eine in jo predstavil prijateljem. S fotografijami smo okrasili poseben koti\u010dek, kjer smo si lahko ogledovali tudi dru\u017eine drugih otrok. Utrjevali smo imena dru\u017einskih \u010dlanov, primerjali, kdo ima bratca ali sestrico, ter to prikazali tudi v tabeli. Vsak otrok je narisal svojo dru\u017eino. Za konec smo fotografijam izdelali \u0161e okvirje, ki smo jih okrasili z razli\u010dnimi oblikami.<\/p>\n\n\n\n<p>Nau\u010dili smo se novo bibarijo Klin, klin, klan ter kar tri nove pesmice: Vijolica, Mali zvon\u010dek in Gosenica je lezla, ki jih \u017ee zelo dobro znamo. Pesmi smo spremljali tudi z malimi ritmi\u010dnimi in\u0161trumenti. Veliko smo se gibali \u2013 vsakodnevno smo izvajali jogo, premagovali razli\u010dne poligone in se odpravljali na sprehode v naravo. Pripravili smo tudi slano testo ter se z njim igrali.<\/p>\n\n\n\n<p>Obele\u017eili smo prvi dan pomladi, ob tej prilo\u017enosti pa nas je obiskala deklica Pomlad. Ker 21. marca praznujemo tudi svetovni dan poezije, nam je prinesla pesem Sre\u010dka Kosovela Son\u010dek bo\u017ea \u2026, ki jo pridno vadimo in jo \u017ee skoraj znamo na pamet. Obele\u017eili smo tudi svetovni dan zdravja. Pogovarjali smo se o zdravih \u017eivljenjskih navadah ter o tem, kaj je pomembno za na\u0161e dobro po\u010dutje, in izdelali plakat. Odpravili smo se tudi na dalj\u0161i sprehod v gozd. 22. aprila smo obele\u017eili dan zemlje in imeli \u010distilno akcijo ter tako o\u010distili gozdi\u010dek zraven vrtca.<\/p>\n\n\n\n<p>V tem mesecu in pol se nam je veliko dogajalo \u2013 z veseljem pri\u010dakujemo, kaj nam bodo prinesli toplej\u0161i dnevi.<\/p>\n\n\n\n<p>Besedilo: Veronika Sorta<\/p>\n\n\n\n<p>Fotografije: Veronika Sorta in Erika Mahni\u010d<\/p>\n\n\n\n<div class=\"wp-block-buttons is-layout-flex wp-block-buttons-is-layout-flex\">\n<div class=\"wp-block-button\"><a class=\"wp-block-button__link wp-element-button\" href=\"https:\/\/vrtec-sezana.si\/?page_id=35990\">GALERIJA<\/a><\/div>\n<\/div>\n","protected":false},"excerpt":{"rendered":"<p>V mesecu aprilu in delu marca smo se v skupini Metulj\u010dki posvetili spoznavanju sebe in svojih dru\u017ein. Najprej smo ponovili poimenovanje delov telesa in se nau\u010dili tudi nekaj novih. Ogledovali smo si razli\u010dne enciklopedije na temo \u010dlove\u0161kega telesa ter se ob njih&#8230;<\/p>\n","protected":false},"author":31,"featured_media":36052,"comment_status":"closed","ping_status":"closed","sticky":false,"template":"","format":"standard","meta":{"footnotes":""},"categories":[10],"tags":[],"jetpack_featured_media_url":"https:\/\/vrtec-sezana.si\/wp-content\/uploads\/2026\/05\/1-rotated.jpg","_links":{"self":[{"href":"https:\/\/vrtec-sezana.si\/index.php?rest_route=\/wp\/v2\/posts\/35989"}],"collection":[{"href":"https:\/\/vrtec-sezana.si\/index.php?rest_route=\/wp\/v2\/posts"}],"about":[{"href":"https:\/\/vrtec-sezana.si\/index.php?rest_route=\/wp\/v2\/types\/post"}],"author":[{"embeddable":true,"href":"https:\/\/vrtec-sezana.si\/index.php?rest_route=\/wp\/v2\/users\/31"}],"replies":[{"embeddable":true,"href":"https:\/\/vrtec-sezana.si\/index.php?rest_route=%2Fwp%2Fv2%2Fcomments&post=35989"}],"version-history":[{"count":1,"href":"https:\/\/vrtec-sezana.si\/index.php?rest_route=\/wp\/v2\/posts\/35989\/revisions"}],"predecessor-version":[{"id":36053,"href":"https:\/\/vrtec-sezana.si\/index.php?rest_route=\/wp\/v2\/posts\/35989\/revisions\/36053"}],"wp:featuredmedia":[{"embeddable":true,"href":"https:\/\/vrtec-sezana.si\/index.php?rest_route=\/wp\/v2\/media\/36052"}],"wp:attachment":[{"href":"https:\/\/vrtec-sezana.si\/index.php?rest_route=%2Fwp%2Fv2%2Fmedia&parent=35989"}],"wp:term":[{"taxonomy":"category","embeddable":true,"href":"https:\/\/vrtec-sezana.si\/index.php?rest_route=%2Fwp%2Fv2%2Fcategories&post=35989"},{"taxonomy":"post_tag","embeddable":true,"href":"https:\/\/vrtec-sezana.si\/index.php?rest_route=%2Fwp%2Fv2%2Ftags&post=35989"}],"curies":[{"name":"wp","href":"https:\/\/api.w.org\/{rel}","templated":true}]}}