{"id":35981,"date":"2026-04-30T06:47:18","date_gmt":"2026-04-30T05:47:18","guid":{"rendered":"https:\/\/vrtec-sezana.si\/?p=35981"},"modified":"2026-04-30T06:47:18","modified_gmt":"2026-04-30T05:47:18","slug":"svetovni-dan-zemlje-v-enoti-materija","status":"publish","type":"post","link":"https:\/\/vrtec-sezana.si\/?p=35981","title":{"rendered":"Svetovni dan Zemlje v enoti Materija"},"content":{"rendered":"\n<p>V enoti Materija smo svetovni dan Zemlje obele\u017eili na prijeten, spro\u0161\u010den in hkrati pou\u010den na\u010din.<\/p>\n\n\n\n<p>Dan smo za\u010deli s posebno \u010dajanko. \u010caj so nam pripravili v kuhinji Hrpelje iz zeli\u0161\u010d, ki smo jih otroci nabirali na razli\u010dnih krajih, saj prihajajo iz vseh enot vrtca Se\u017eana. Prav zato je bil \u010daj \u0161e toliko bolj poseben. Otroci so ga z veseljem popili, ob tem pa spro\u0161\u010deno klepetali, delili svoje izku\u0161nje in prepoznavali okuse zeli\u0161\u010d. Vzdu\u0161je je bilo mirno, prijetno in povezovalno.<\/p>\n\n\n\n<p>Po \u010dajanki smo se odpravili do na\u0161ih visokih gred, kjer gojimo jagode in zeli\u0161\u010da. Sadike smo si natan\u010dno ogledali, jih poimenovali ter se pogovarjali o tem, kako rastejo. Opazili smo, da poleg sadik raste tudi plevel, zato smo se pogovorili o tem, kako pomembno je, da rastlinam omogo\u010dimo dobre pogoje za rast. Skupaj smo ugotovili, da moramo plevel odstraniti, da bodo na\u0161e sadike lahko uspevale.<\/p>\n\n\n\n<p>Z veliko navdu\u0161enja smo se lotili dela. Skupaj smo populili plevel ter poskrbeli za urejenost na\u0161ih gred. Otroci so tako aktivno sodelovali pri skrbi za na\u0161e visoke grede. Ob tem so razvijali ob\u010dutek odgovornosti ter skrb za naravo.<\/p>\n\n\n\n<p>Najmlaj\u0161i otroci pa so ta dan obele\u017eili tudi z likovnim ustvarjanjem na temo <em>\u00bbZemlja, na\u0161 planet\u00ab<\/em>. S pomo\u010djo razli\u010dnih likovnih tehnik so izra\u017eali svoje do\u017eivljanje Zemlje ter razvijali ustvarjalnost in ob\u010dutek pripadnosti planetu.<\/p>\n\n\n\n<p>Svetovni dan Zemlje smo tako obele\u017eili na prijeten, pou\u010den in dejaven na\u010din. Otroci so skozi izku\u0161njo \u010dajanke, dela na vrtu in likovnega ustvarjanja krepili povezanost z naravo ter razvijali spo\u0161tovanje do okolja, v katerem \u017eivimo. Prav preko tak\u0161nih izku\u0161enj se gradi spo\u0161tljiv odnos do okolja, ki jih bo spremljal tudi v prihodnosti.<\/p>\n\n\n\n<p>Besedilo: Marjeta Prunk Sluga<\/p>\n\n\n\n<p>Fotografije: arhiv enote Materija<\/p>\n\n\n\n<div class=\"wp-block-buttons is-layout-flex wp-block-buttons-is-layout-flex\">\n<div class=\"wp-block-button\"><a class=\"wp-block-button__link wp-element-button\" href=\"https:\/\/vrtec-sezana.si\/?page_id=35962\">GALERIJA<\/a><\/div>\n<\/div>\n","protected":false},"excerpt":{"rendered":"<p>V enoti Materija smo svetovni dan Zemlje obele\u017eili na prijeten, spro\u0161\u010den in hkrati pou\u010den na\u010din. Dan smo za\u010deli s posebno \u010dajanko. \u010caj so nam pripravili v kuhinji Hrpelje iz zeli\u0161\u010d, ki smo jih otroci nabirali na razli\u010dnih krajih, saj prihajajo iz vseh&#8230;<\/p>\n","protected":false},"author":11,"featured_media":35982,"comment_status":"closed","ping_status":"closed","sticky":false,"template":"","format":"standard","meta":{"footnotes":""},"categories":[16],"tags":[],"jetpack_featured_media_url":"https:\/\/vrtec-sezana.si\/wp-content\/uploads\/2026\/04\/IMG_4207-1-scaled.jpg","_links":{"self":[{"href":"https:\/\/vrtec-sezana.si\/index.php?rest_route=\/wp\/v2\/posts\/35981"}],"collection":[{"href":"https:\/\/vrtec-sezana.si\/index.php?rest_route=\/wp\/v2\/posts"}],"about":[{"href":"https:\/\/vrtec-sezana.si\/index.php?rest_route=\/wp\/v2\/types\/post"}],"author":[{"embeddable":true,"href":"https:\/\/vrtec-sezana.si\/index.php?rest_route=\/wp\/v2\/users\/11"}],"replies":[{"embeddable":true,"href":"https:\/\/vrtec-sezana.si\/index.php?rest_route=%2Fwp%2Fv2%2Fcomments&post=35981"}],"version-history":[{"count":1,"href":"https:\/\/vrtec-sezana.si\/index.php?rest_route=\/wp\/v2\/posts\/35981\/revisions"}],"predecessor-version":[{"id":35983,"href":"https:\/\/vrtec-sezana.si\/index.php?rest_route=\/wp\/v2\/posts\/35981\/revisions\/35983"}],"wp:featuredmedia":[{"embeddable":true,"href":"https:\/\/vrtec-sezana.si\/index.php?rest_route=\/wp\/v2\/media\/35982"}],"wp:attachment":[{"href":"https:\/\/vrtec-sezana.si\/index.php?rest_route=%2Fwp%2Fv2%2Fmedia&parent=35981"}],"wp:term":[{"taxonomy":"category","embeddable":true,"href":"https:\/\/vrtec-sezana.si\/index.php?rest_route=%2Fwp%2Fv2%2Fcategories&post=35981"},{"taxonomy":"post_tag","embeddable":true,"href":"https:\/\/vrtec-sezana.si\/index.php?rest_route=%2Fwp%2Fv2%2Ftags&post=35981"}],"curies":[{"name":"wp","href":"https:\/\/api.w.org\/{rel}","templated":true}]}}