{"id":35960,"date":"2026-04-29T10:57:31","date_gmt":"2026-04-29T09:57:31","guid":{"rendered":"https:\/\/vrtec-sezana.si\/?p=35960"},"modified":"2026-04-29T10:57:31","modified_gmt":"2026-04-29T09:57:31","slug":"pomladni-pohod-ob-suhih-kraskih-zidovih","status":"publish","type":"post","link":"https:\/\/vrtec-sezana.si\/?p=35960","title":{"rendered":"Pomladni pohod ob suhih kra\u0161kih zidovih"},"content":{"rendered":"\n<p>Topli pomladni dnevi so kot nala\u0161\u010d za raziskovanje narave, zato smo se z otroki odpravili na pohod ob zna\u010dilnih suhih kra\u0161kih zidovih. Ti kamniti zidovi, zgrajeni brez veziva, \u017ee stoletja oblikujejo kra\u0161ko pokrajino in nudijo zavetje \u0161tevilnim rastlinam in \u017eivalim.<\/p>\n\n\n\n<p>Med hojo so otroci z radovednostjo opazovali spremembe v naravi. Posebej so jih pritegnili drobni detajli \u2013 brste\u010di listi, cveto\u010de veje, \u017eivahno ogla\u0161anje ptic in velike kolone mravelj.<\/p>\n\n\n\n<p>Pohod pa ni bil le opazovanje, temve\u010d tudi prilo\u017enost za gibanje in zabavo. Otroci so se med potjo pomerili v teku, se smejali in spodbujali drug drugega. Tekmovanje je bilo polno veselja, brez pravega poudarka na zmagovalcu \u2013 pomembno je bilo sodelovanje in dobra volja.<\/p>\n\n\n\n<p>Po aktivnem delu je sledil zaslu\u017een po\u010ditek. Udobno so se namestili ob poti, si oddahnili in iz nahrbtnikov vzeli sadje. Sladki gri\u017eljaji jabolk, hru\u0161k in drugih dobrot so bili \u0161e posebej okusni na sve\u017eem zraku.<\/p>\n\n\n\n<p>Pohod ob suhih kra\u0161kih zidovih je bil tako \u010dudovita prilo\u017enost za dru\u017eenje, gibanje in u\u010denje. Otroci so skozi igro in opazovanje spoznali lepote narave ter u\u017eivali v preprostih, a dragocenih trenutkih pomladi.<\/p>\n\n\n\n<p>Besedilo: Maja Anderli\u010d Mo\u017ee<br>Fotografije: Maja Anderli\u010d Mo\u017ee<\/p>\n\n\n\n<div class=\"wp-block-buttons is-layout-flex wp-block-buttons-is-layout-flex\">\n<div class=\"wp-block-button\"><a class=\"wp-block-button__link wp-element-button\" href=\"https:\/\/vrtec-sezana.si\/?page_id=35936\">GALERIJA<\/a><\/div>\n<\/div>\n","protected":false},"excerpt":{"rendered":"<p>Topli pomladni dnevi so kot nala\u0161\u010d za raziskovanje narave, zato smo se z otroki odpravili na pohod ob zna\u010dilnih suhih kra\u0161kih zidovih. Ti kamniti zidovi, zgrajeni brez veziva, \u017ee stoletja oblikujejo kra\u0161ko pokrajino in nudijo zavetje \u0161tevilnim rastlinam in \u017eivalim. Med hojo&#8230;<\/p>\n","protected":false},"author":34,"featured_media":35938,"comment_status":"closed","ping_status":"closed","sticky":false,"template":"","format":"standard","meta":{"footnotes":""},"categories":[13],"tags":[],"jetpack_featured_media_url":"https:\/\/vrtec-sezana.si\/wp-content\/uploads\/2026\/04\/001-naslovna-2-scaled.jpg","_links":{"self":[{"href":"https:\/\/vrtec-sezana.si\/index.php?rest_route=\/wp\/v2\/posts\/35960"}],"collection":[{"href":"https:\/\/vrtec-sezana.si\/index.php?rest_route=\/wp\/v2\/posts"}],"about":[{"href":"https:\/\/vrtec-sezana.si\/index.php?rest_route=\/wp\/v2\/types\/post"}],"author":[{"embeddable":true,"href":"https:\/\/vrtec-sezana.si\/index.php?rest_route=\/wp\/v2\/users\/34"}],"replies":[{"embeddable":true,"href":"https:\/\/vrtec-sezana.si\/index.php?rest_route=%2Fwp%2Fv2%2Fcomments&post=35960"}],"version-history":[{"count":1,"href":"https:\/\/vrtec-sezana.si\/index.php?rest_route=\/wp\/v2\/posts\/35960\/revisions"}],"predecessor-version":[{"id":35961,"href":"https:\/\/vrtec-sezana.si\/index.php?rest_route=\/wp\/v2\/posts\/35960\/revisions\/35961"}],"wp:featuredmedia":[{"embeddable":true,"href":"https:\/\/vrtec-sezana.si\/index.php?rest_route=\/wp\/v2\/media\/35938"}],"wp:attachment":[{"href":"https:\/\/vrtec-sezana.si\/index.php?rest_route=%2Fwp%2Fv2%2Fmedia&parent=35960"}],"wp:term":[{"taxonomy":"category","embeddable":true,"href":"https:\/\/vrtec-sezana.si\/index.php?rest_route=%2Fwp%2Fv2%2Fcategories&post=35960"},{"taxonomy":"post_tag","embeddable":true,"href":"https:\/\/vrtec-sezana.si\/index.php?rest_route=%2Fwp%2Fv2%2Ftags&post=35960"}],"curies":[{"name":"wp","href":"https:\/\/api.w.org\/{rel}","templated":true}]}}