{"id":35934,"date":"2026-04-28T12:26:21","date_gmt":"2026-04-28T11:26:21","guid":{"rendered":"https:\/\/vrtec-sezana.si\/?p=35934"},"modified":"2026-04-28T12:26:22","modified_gmt":"2026-04-28T11:26:22","slug":"na-vrtu-s-skupino-jezki","status":"publish","type":"post","link":"https:\/\/vrtec-sezana.si\/?p=35934","title":{"rendered":"Na vrtu s skupino Je\u017eki"},"content":{"rendered":"\n<p>V skupini Je\u017eki smo se v zadnjem \u010dasu posvetili zanimivi temi \u2013 semenom in rasti rastlin. Z otroki smo se pogovarjali o semenih in kaj le te potrebujejo za rast. Opazovali smo bli\u017enje vrtove, kjer smo si ogledovali razli\u010dne rastline v razli\u010dnih fazah razvoja.<\/p>\n\n\n\n<p>Od doma smo prinesli jogurtove lon\u010dke, ki smo jih ponovno uporabili za sajenje vrtne kre\u0161e. Lon\u010dke smo napolnili z zemljo, dodali semena, zalili ter potem nestrpno \u010dakali kaj bo zrastlo. &nbsp;Vsakodnevno smo spremljali ali se je \u010dez no\u010d kaj spremenilo. Prve dni nismo videli veliko sprememb, a kmalu smo lahko opazili, da je iz semena zrastel pravi majhen vrti\u010dek kre\u0161e, saj so bili vsi lon\u010dki polni listov. Jogurtove lon\u010dke s posajeno vrtno kre\u0161o smo ob Svetovnem dnevu Zemlje odnesli domov.<\/p>\n\n\n\n<p>V korito na atriju smo posadili tudi jagode. Zanje skrbno skrbimo \u2013 jih zalivamo in opazujemo spremembe. Otroci z navdu\u0161enjem pri\u010dakujejo, da bodo kmalu lahko opazili prve jagode.<br>Komaj \u017ee \u010dakamo, da jih bomo lahko jedli!<\/p>\n\n\n\n<p>Besedilo: Nika Sera\u017ein<\/p>\n\n\n\n<p>Foto: Martina Vi\u010di\u010d &nbsp;<\/p>\n\n\n\n<div class=\"wp-block-buttons is-layout-flex wp-block-buttons-is-layout-flex\">\n<div class=\"wp-block-button\"><a class=\"wp-block-button__link wp-element-button\" href=\"https:\/\/vrtec-sezana.si\/?page_id=35922\">GA<\/a><\/div>\n\n\n\n<div class=\"wp-block-button\"><a class=\"wp-block-button__link wp-element-button\" href=\"https:\/\/vrtec-sezana.si\/?page_id=30482\">LERIJA<\/a><\/div>\n\n\n\n\n<\/div>\n\n\n\n<p><\/p>\n","protected":false},"excerpt":{"rendered":"<p>V skupini Je\u017eki smo se v zadnjem \u010dasu posvetili zanimivi temi \u2013 semenom in rasti rastlin. Z otroki smo se pogovarjali o semenih in kaj le te potrebujejo za rast. Opazovali smo bli\u017enje vrtove, kjer smo si ogledovali razli\u010dne rastline v razli\u010dnih&#8230;<\/p>\n","protected":false},"author":26,"featured_media":35929,"comment_status":"closed","ping_status":"closed","sticky":false,"template":"","format":"standard","meta":{"footnotes":""},"categories":[6],"tags":[],"jetpack_featured_media_url":"https:\/\/vrtec-sezana.si\/wp-content\/uploads\/2026\/04\/naslovnica2.jpg","_links":{"self":[{"href":"https:\/\/vrtec-sezana.si\/index.php?rest_route=\/wp\/v2\/posts\/35934"}],"collection":[{"href":"https:\/\/vrtec-sezana.si\/index.php?rest_route=\/wp\/v2\/posts"}],"about":[{"href":"https:\/\/vrtec-sezana.si\/index.php?rest_route=\/wp\/v2\/types\/post"}],"author":[{"embeddable":true,"href":"https:\/\/vrtec-sezana.si\/index.php?rest_route=\/wp\/v2\/users\/26"}],"replies":[{"embeddable":true,"href":"https:\/\/vrtec-sezana.si\/index.php?rest_route=%2Fwp%2Fv2%2Fcomments&post=35934"}],"version-history":[{"count":1,"href":"https:\/\/vrtec-sezana.si\/index.php?rest_route=\/wp\/v2\/posts\/35934\/revisions"}],"predecessor-version":[{"id":35935,"href":"https:\/\/vrtec-sezana.si\/index.php?rest_route=\/wp\/v2\/posts\/35934\/revisions\/35935"}],"wp:featuredmedia":[{"embeddable":true,"href":"https:\/\/vrtec-sezana.si\/index.php?rest_route=\/wp\/v2\/media\/35929"}],"wp:attachment":[{"href":"https:\/\/vrtec-sezana.si\/index.php?rest_route=%2Fwp%2Fv2%2Fmedia&parent=35934"}],"wp:term":[{"taxonomy":"category","embeddable":true,"href":"https:\/\/vrtec-sezana.si\/index.php?rest_route=%2Fwp%2Fv2%2Fcategories&post=35934"},{"taxonomy":"post_tag","embeddable":true,"href":"https:\/\/vrtec-sezana.si\/index.php?rest_route=%2Fwp%2Fv2%2Ftags&post=35934"}],"curies":[{"name":"wp","href":"https:\/\/api.w.org\/{rel}","templated":true}]}}