{"id":35920,"date":"2026-04-28T12:21:37","date_gmt":"2026-04-28T11:21:37","guid":{"rendered":"https:\/\/vrtec-sezana.si\/?p=35920"},"modified":"2026-04-28T12:21:37","modified_gmt":"2026-04-28T11:21:37","slug":"pomladno-veselje-v-skupini-jezki","status":"publish","type":"post","link":"https:\/\/vrtec-sezana.si\/?p=35920","title":{"rendered":"Pomladno veselje v skupini Je\u017eki"},"content":{"rendered":"\n<p>V skupini Je\u017eki smo ob za\u010detku pomladi veliko \u010dasa namenili prebujanju narave in njenim zna\u010dilnostim ter spremembam.<\/p>\n\n\n\n<p>Spoznali in obnavljali smo pravljico Zelo la\u010dna gosenica (E. Carle) preko katere smo spodbujali razvoj govora in razumevanje zaporedja dogodkov. Spoznali smo proces razvoja metulja od gosenice dalje in razli\u010dno sadje. Veliko \u010dasa smo namenili gibanju v naravi, kjer smo na sprehodih raziskovali gozd in travnik ter opazovali \u010debele, metulje, gosenice, pikapolonice ipd. ter se igrali z naravnimi materiali, ki smo jih na\u0161li.<\/p>\n\n\n\n<p>Opazovali smo cveto\u010da drevesa, ro\u017ee in razli\u010dne cveto\u010de rastline. Obiskali smo tudi \u017divi muzej Krasa, kamor smo se namenili s prijatelji iz skupine \u017dabice. Obiskali smo tudi tr\u017enico.<\/p>\n\n\n\n<p>Bivanje v vrtcu smo si popestrili s prepevanjem pesmi Gosenica je lezla in Metulj\u010dek Cekin\u010dek. Ob glasbi Vivaldija \u2013 \u0160tirje letni \u010dasi smo ustvarili skupinsko sliko, ter jo razstavili pred igralnico. Izdelali smo tudi gosenico iz pravljice, ki so jo otroci tiskali z balonom, nato pa ji sestavili in zalepili \u0161e glavo ter sadje, ki ga je gosenica pojedla. V igralnici smo preko zgodbe uprizorili gibanje gosenice ter letenje metulja.<\/p>\n\n\n\n<p>Ob zgodbi Zelo la\u010dna gosenica smo pre\u017eiveli igriv in pou\u010den mesec, v katerem so otroci pridobili veliko novih izku\u0161enj ter razvijali radovednost, ustvarjalnost, socialne ve\u0161\u010dine in krepili svoje spretnosti.<\/p>\n\n\n\n<p>Besedilo: Nika Sera\u017ein<\/p>\n\n\n\n<p>Fotografije: Nika Sera\u017ein<\/p>\n\n\n\n<div class=\"wp-block-buttons is-layout-flex wp-block-buttons-is-layout-flex\">\n<div class=\"wp-block-button\"><a class=\"wp-block-button__link wp-element-button\" href=\"https:\/\/vrtec-sezana.si\/?page_id=35897\">GA<\/a><\/div>\n\n\n\n<div class=\"wp-block-button\"><a class=\"wp-block-button__link wp-element-button\" href=\"https:\/\/vrtec-sezana.si\/?page_id=30482\">LERIJA<\/a><\/div>\n\n\n\n\n<\/div>\n\n\n\n<p><\/p>\n","protected":false},"excerpt":{"rendered":"<p>V skupini Je\u017eki smo ob za\u010detku pomladi veliko \u010dasa namenili prebujanju narave in njenim zna\u010dilnostim ter spremembam. Spoznali in obnavljali smo pravljico Zelo la\u010dna gosenica (E. Carle) preko katere smo spodbujali razvoj govora in razumevanje zaporedja dogodkov. Spoznali smo proces razvoja metulja&#8230;<\/p>\n","protected":false},"author":26,"featured_media":35914,"comment_status":"closed","ping_status":"closed","sticky":false,"template":"","format":"standard","meta":{"footnotes":""},"categories":[6],"tags":[],"jetpack_featured_media_url":"https:\/\/vrtec-sezana.si\/wp-content\/uploads\/2026\/04\/naslovna-slika-1.jpg","_links":{"self":[{"href":"https:\/\/vrtec-sezana.si\/index.php?rest_route=\/wp\/v2\/posts\/35920"}],"collection":[{"href":"https:\/\/vrtec-sezana.si\/index.php?rest_route=\/wp\/v2\/posts"}],"about":[{"href":"https:\/\/vrtec-sezana.si\/index.php?rest_route=\/wp\/v2\/types\/post"}],"author":[{"embeddable":true,"href":"https:\/\/vrtec-sezana.si\/index.php?rest_route=\/wp\/v2\/users\/26"}],"replies":[{"embeddable":true,"href":"https:\/\/vrtec-sezana.si\/index.php?rest_route=%2Fwp%2Fv2%2Fcomments&post=35920"}],"version-history":[{"count":1,"href":"https:\/\/vrtec-sezana.si\/index.php?rest_route=\/wp\/v2\/posts\/35920\/revisions"}],"predecessor-version":[{"id":35921,"href":"https:\/\/vrtec-sezana.si\/index.php?rest_route=\/wp\/v2\/posts\/35920\/revisions\/35921"}],"wp:featuredmedia":[{"embeddable":true,"href":"https:\/\/vrtec-sezana.si\/index.php?rest_route=\/wp\/v2\/media\/35914"}],"wp:attachment":[{"href":"https:\/\/vrtec-sezana.si\/index.php?rest_route=%2Fwp%2Fv2%2Fmedia&parent=35920"}],"wp:term":[{"taxonomy":"category","embeddable":true,"href":"https:\/\/vrtec-sezana.si\/index.php?rest_route=%2Fwp%2Fv2%2Fcategories&post=35920"},{"taxonomy":"post_tag","embeddable":true,"href":"https:\/\/vrtec-sezana.si\/index.php?rest_route=%2Fwp%2Fv2%2Ftags&post=35920"}],"curies":[{"name":"wp","href":"https:\/\/api.w.org\/{rel}","templated":true}]}}