{"id":35882,"date":"2026-04-28T09:43:41","date_gmt":"2026-04-28T08:43:41","guid":{"rendered":"https:\/\/vrtec-sezana.si\/?p=35882"},"modified":"2026-04-28T09:43:41","modified_gmt":"2026-04-28T08:43:41","slug":"pohod-zlati-coln-skupine-kuzki","status":"publish","type":"post","link":"https:\/\/vrtec-sezana.si\/?p=35882","title":{"rendered":"Pohod Zlati \u010doln skupine Ku\u017eki"},"content":{"rendered":"\n<p>Ob svetovnem dnevu zdravja, 7. 4. 2026, smo v na\u0161em vrtcu izvedli prav poseben pohod z naslovom <em>Zlati \u010doln<\/em><em>.<\/em> Otroci so se podali na razgibano in do\u017eivljajsko pesni\u0161ko dogodiv\u0161\u010dino, ki je zdru\u017eevala gibanje, raziskovanje in igro.<\/p>\n\n\n\n<p>Na poti so otroci zbirali \u017eige in tako sledili posameznim postajam, ki so bile skrbno zasnovane in vsebinsko bogate. Med njimi so bile to\u010dke, kot so Zlati \u010doln, \u0160krat Dobro\u0161in, Verzostop, \u0160krato\u0161ola, Tabor, Mo\u010derad, Samotni grad, Son\u010dnice in \u0160kratorime. Vsaka postaja je ponujala novo izku\u0161njo, izziv ali nalogo, ki je otroke spodbujala k razmi\u0161ljanju, sodelovanju in ustvarjalnosti.<\/p>\n\n\n\n<p>Otroci so pri dejavnosti zelo u\u017eivali. Z velikim navdu\u0161enjem so raziskovali okolico, iskali pravo pot ter odkrivali posamezne to\u010dke. Ob tem so krepili gibalne spretnosti, razvijali orientacijo v prostoru in do\u017eivljali naravo na igriv ter pou\u010den na\u010din.<\/p>\n\n\n\n<p>Ob zaklju\u010dku pohoda smo se zbrali ob misli:<br><em>\u00bb\u010clovek mora biti kakor sonce \u2013 da sveti in greje.\u00ab<\/em><\/p>\n\n\n\n<p>Pohod <em>Zlati \u010doln<\/em> se je izkazal kot izjemno pozitivna izku\u0161nja, zato se bomo nanj zagotovo \u0161e podali in ga morda vsaki\u010d obogatili z novimi dogodiv\u0161\u010dinami.<\/p>\n\n\n\n<p>Besedilo: Katja Po\u017ear<\/p>\n\n\n\n<p><\/p>\n\n\n\n<p><\/p>\n\n\n\n<p><\/p>\n\n\n\n<p><\/p>\n\n\n\n<div class=\"wp-block-buttons is-layout-flex wp-block-buttons-is-layout-flex\">\n<div class=\"wp-block-button\"><a class=\"wp-block-button__link wp-element-button\" href=\"https:\/\/vrtec-sezana.si\/?page_id=35865\">GALERIJA<\/a><\/div>\n<\/div>\n","protected":false},"excerpt":{"rendered":"<p>Ob svetovnem dnevu zdravja, 7. 4. 2026, smo v na\u0161em vrtcu izvedli prav poseben pohod z naslovom Zlati \u010doln. Otroci so se podali na razgibano in do\u017eivljajsko pesni\u0161ko dogodiv\u0161\u010dino, ki je zdru\u017eevala gibanje, raziskovanje in igro. Na poti so otroci zbirali \u017eige&#8230;<\/p>\n","protected":false},"author":21,"featured_media":35883,"comment_status":"closed","ping_status":"closed","sticky":false,"template":"","format":"standard","meta":{"footnotes":""},"categories":[8],"tags":[],"jetpack_featured_media_url":"https:\/\/vrtec-sezana.si\/wp-content\/uploads\/2026\/04\/zemljevid-poti-Zlati-coln-1-scaled.jpg","_links":{"self":[{"href":"https:\/\/vrtec-sezana.si\/index.php?rest_route=\/wp\/v2\/posts\/35882"}],"collection":[{"href":"https:\/\/vrtec-sezana.si\/index.php?rest_route=\/wp\/v2\/posts"}],"about":[{"href":"https:\/\/vrtec-sezana.si\/index.php?rest_route=\/wp\/v2\/types\/post"}],"author":[{"embeddable":true,"href":"https:\/\/vrtec-sezana.si\/index.php?rest_route=\/wp\/v2\/users\/21"}],"replies":[{"embeddable":true,"href":"https:\/\/vrtec-sezana.si\/index.php?rest_route=%2Fwp%2Fv2%2Fcomments&post=35882"}],"version-history":[{"count":1,"href":"https:\/\/vrtec-sezana.si\/index.php?rest_route=\/wp\/v2\/posts\/35882\/revisions"}],"predecessor-version":[{"id":35884,"href":"https:\/\/vrtec-sezana.si\/index.php?rest_route=\/wp\/v2\/posts\/35882\/revisions\/35884"}],"wp:featuredmedia":[{"embeddable":true,"href":"https:\/\/vrtec-sezana.si\/index.php?rest_route=\/wp\/v2\/media\/35883"}],"wp:attachment":[{"href":"https:\/\/vrtec-sezana.si\/index.php?rest_route=%2Fwp%2Fv2%2Fmedia&parent=35882"}],"wp:term":[{"taxonomy":"category","embeddable":true,"href":"https:\/\/vrtec-sezana.si\/index.php?rest_route=%2Fwp%2Fv2%2Fcategories&post=35882"},{"taxonomy":"post_tag","embeddable":true,"href":"https:\/\/vrtec-sezana.si\/index.php?rest_route=%2Fwp%2Fv2%2Ftags&post=35882"}],"curies":[{"name":"wp","href":"https:\/\/api.w.org\/{rel}","templated":true}]}}