{"id":34495,"date":"2026-03-17T13:47:12","date_gmt":"2026-03-17T12:47:12","guid":{"rendered":"https:\/\/vrtec-sezana.si\/?p=34495"},"modified":"2026-03-17T13:47:12","modified_gmt":"2026-03-17T12:47:12","slug":"stejemo-merimo-tehtamo","status":"publish","type":"post","link":"https:\/\/vrtec-sezana.si\/?p=34495","title":{"rendered":"\u0160tejemo, merimo, tehtamo\u2026"},"content":{"rendered":"\n<p>Z otroki iz skupine Krtkov smo razvijali zgodnje matemati\u010dne kompetence: \u0161tetje, primerjanje, merjenje, bele\u017eenje podatkov in sklepanje na podlagi opazovanj. Otroci so bili ves \u010das aktivni.<\/p>\n\n\n\n<p>\u0160teli so gumbe, pike na igralni kocki, se igrali igre, kjer je potrebno \u0161tetje itd. Najprej smo merili temperaturo in to tudi bele\u017eili, na podlagi tega so razvijali razumevanje vremenskih sprememb v okolju. Pogovarjali smo se ali so morda kaj zrasli od lani in kako bi to preverili. Na sre\u010do smo imeli zapisane podatke iz lanskega \u0161olskega leta, zato smo se odlo\u010dili, da izmerimo vi\u0161ino otrok in trakove zalepimo na zid. Otroci so bili navdu\u0161eni, razmi\u0161ljali smo, kaj bi \u0161e lahko izmerili. Pripravili smo si enako dolge papirnate trakove, katere so si otroci sami odstrigli in jih pobarvali. To je bila na\u0161a konstantno nestandardna enota za merjenje. &nbsp;Merili smo dol\u017eino in \u0161irino igralnice, omare, mize, stole, tablo, igra\u010de itd. Iz trakov smo pre\u0161li na dlani, pedi in nato \u0161e na Duplo in Lego kocke. Podatke smo zapisali na list ter primerjali dol\u017eine. Otroci so \u0161ele na koncu dobili meter, ravnila s katerimi smo \u00bbmerili\u00ab. Primerjali so dol\u017eino dlani, stopal\u2026 Ker pa nas je zanimala \u0161e te\u017ea otrok in primerjava z lansko te\u017eo, smo otroke stehtali ter te\u017eo primerjali z eno vre\u010dko moke (1kg). Ugotavljali smo koliko vre\u010dk moke bi potrebovali za posameznega otroka.&nbsp;<\/p>\n\n\n\n<p>Skozi niz dejavnosti so otroci iz skupine Krtkov pokazali visoko stopnjo radovednosti, samostojnosti in matemati\u010dnega razmi\u0161ljanja.<\/p>\n\n\n\n<p>Besedilo: Erna Fabjan\u010di\u010d<\/p>\n\n\n\n<p>Fotografije: arhiv oddelka<\/p>\n\n\n\n<div class=\"wp-block-buttons is-layout-flex wp-block-buttons-is-layout-flex\">\n<div class=\"wp-block-button\"><a class=\"wp-block-button__link wp-element-button\" href=\"https:\/\/vrtec-sezana.si\/?page_id=34471\">GALERIJA<\/a><\/div>\n<\/div>\n","protected":false},"excerpt":{"rendered":"<p>Z otroki iz skupine Krtkov smo razvijali zgodnje matemati\u010dne kompetence: \u0161tetje, primerjanje, merjenje, bele\u017eenje podatkov in sklepanje na podlagi opazovanj. Otroci so bili ves \u010das aktivni. \u0160teli so gumbe, pike na igralni kocki, se igrali igre, kjer je potrebno \u0161tetje itd. Najprej&#8230;<\/p>\n","protected":false},"author":35,"featured_media":34492,"comment_status":"closed","ping_status":"closed","sticky":false,"template":"","format":"standard","meta":{"footnotes":""},"categories":[10],"tags":[],"jetpack_featured_media_url":"https:\/\/vrtec-sezana.si\/wp-content\/uploads\/2026\/03\/naslovna-scaled.jpg","_links":{"self":[{"href":"https:\/\/vrtec-sezana.si\/index.php?rest_route=\/wp\/v2\/posts\/34495"}],"collection":[{"href":"https:\/\/vrtec-sezana.si\/index.php?rest_route=\/wp\/v2\/posts"}],"about":[{"href":"https:\/\/vrtec-sezana.si\/index.php?rest_route=\/wp\/v2\/types\/post"}],"author":[{"embeddable":true,"href":"https:\/\/vrtec-sezana.si\/index.php?rest_route=\/wp\/v2\/users\/35"}],"replies":[{"embeddable":true,"href":"https:\/\/vrtec-sezana.si\/index.php?rest_route=%2Fwp%2Fv2%2Fcomments&post=34495"}],"version-history":[{"count":1,"href":"https:\/\/vrtec-sezana.si\/index.php?rest_route=\/wp\/v2\/posts\/34495\/revisions"}],"predecessor-version":[{"id":34496,"href":"https:\/\/vrtec-sezana.si\/index.php?rest_route=\/wp\/v2\/posts\/34495\/revisions\/34496"}],"wp:featuredmedia":[{"embeddable":true,"href":"https:\/\/vrtec-sezana.si\/index.php?rest_route=\/wp\/v2\/media\/34492"}],"wp:attachment":[{"href":"https:\/\/vrtec-sezana.si\/index.php?rest_route=%2Fwp%2Fv2%2Fmedia&parent=34495"}],"wp:term":[{"taxonomy":"category","embeddable":true,"href":"https:\/\/vrtec-sezana.si\/index.php?rest_route=%2Fwp%2Fv2%2Fcategories&post=34495"},{"taxonomy":"post_tag","embeddable":true,"href":"https:\/\/vrtec-sezana.si\/index.php?rest_route=%2Fwp%2Fv2%2Ftags&post=34495"}],"curies":[{"name":"wp","href":"https:\/\/api.w.org\/{rel}","templated":true}]}}