{"id":34469,"date":"2026-03-17T13:37:48","date_gmt":"2026-03-17T12:37:48","guid":{"rendered":"https:\/\/vrtec-sezana.si\/?p=34469"},"modified":"2026-03-17T13:37:49","modified_gmt":"2026-03-17T12:37:49","slug":"obelezili-smo-kosovelovo-leto","status":"publish","type":"post","link":"https:\/\/vrtec-sezana.si\/?p=34469","title":{"rendered":"Obele\u017eili smo Kosovelovo leto"},"content":{"rendered":"\n<p>Ob tem pomembnem jubileju so otroci preko razli\u010dnih dejavnosti spoznavali pesnika Sre\u010dka Kosovela v sliki in besedi.<\/p>\n\n\n\n<p>Med predstavitvijo so si ogledali fotografije pesnika in njegove doma\u010dije v Tomaju, kar jim je pomagalo, da so si pesnika la\u017eje predstavljali v njegovem rojstnem okolju.<\/p>\n\n\n\n<p>Na zemljevidu smo poiskali Tomaj &nbsp;in navidezno prepotovali pot od na\u0161ega vrtca do pesnikovega rojstnega kraja.<\/p>\n\n\n\n<p>Med branjem Kosovelovih pesmic je otroke zelo navdu\u0161evalo besedno poigravanje z rimami. Z velikim zanimanjem so prisluhnili pesmici iz pesni\u0161ke zbirke Medvedki sladkosnedki, ki je s svojo igrivostjo takoj pritegnila njihovo pozornost. Letos nas spremlja tudi \u0161krat Dobro\u0161in. Otroci pripovedujejo pravljice in za vsako pravljico in pesmico zalepijo \u0161krata Dobro\u0161ina. Nau\u010dili smo se tudi pesmico o tem pravlji\u010dnem bitju, katero najdemo v zbirki Kosovelovih poezij Medvedki sladkosnedki.<\/p>\n\n\n\n<p>Navdihnjeni od pesmi in podobe kra\u0161ke pokrajine so se otroci preizkusili v likovnem upodabljanju pesnika. Z ogljem so narisali njegov portret ter zraven zalepili vsak svoj verz. Risbe smo razporedili v pravilnem sosledju, tako da so verzi sestavljali celotno pesmico. Primer je viden na fotografiji.<\/p>\n\n\n\n<p>Nastale risbe so bile izjemno domiselne in polne \u010dustvenega pridiha otrokove predstavljivosti, zato smo v sodelovanju z na\u0161o knji\u017eni\u010darko Patricijo, v Kosovelovi knji\u017enici na Kozini, z veseljem pripravili razstavo.<\/p>\n\n\n\n<p>Ob obisku nas je knji\u017eni\u010darka prijazno sprejela in nam tudi ona zrecitirala nekaj&nbsp; Kosovelovih pesmi.<\/p>\n\n\n\n<p>Dogodek je bil prijeten in ustvarjalen, otroci pa so domov od\u0161li z ob\u010dutkom ponosa in navdiha.<\/p>\n\n\n\n<p>Besedilo: Erna Fabjan\u010di\u010d<\/p>\n\n\n\n<p>Fotografije: arhiv oddelka<\/p>\n\n\n\n<div class=\"wp-block-buttons is-layout-flex wp-block-buttons-is-layout-flex\">\n<div class=\"wp-block-button\"><a class=\"wp-block-button__link wp-element-button\" href=\"https:\/\/vrtec-sezana.si\/?page_id=34452\">GALERIJA<\/a><\/div>\n<\/div>\n","protected":false},"excerpt":{"rendered":"<p>Ob tem pomembnem jubileju so otroci preko razli\u010dnih dejavnosti spoznavali pesnika Sre\u010dka Kosovela v sliki in besedi. Med predstavitvijo so si ogledali fotografije pesnika in njegove doma\u010dije v Tomaju, kar jim je pomagalo, da so si pesnika la\u017eje predstavljali v njegovem rojstnem&#8230;<\/p>\n","protected":false},"author":35,"featured_media":34467,"comment_status":"closed","ping_status":"closed","sticky":false,"template":"","format":"standard","meta":{"footnotes":""},"categories":[10],"tags":[],"jetpack_featured_media_url":"https:\/\/vrtec-sezana.si\/wp-content\/uploads\/2026\/03\/Naslovna-stran-scaled.jpg","_links":{"self":[{"href":"https:\/\/vrtec-sezana.si\/index.php?rest_route=\/wp\/v2\/posts\/34469"}],"collection":[{"href":"https:\/\/vrtec-sezana.si\/index.php?rest_route=\/wp\/v2\/posts"}],"about":[{"href":"https:\/\/vrtec-sezana.si\/index.php?rest_route=\/wp\/v2\/types\/post"}],"author":[{"embeddable":true,"href":"https:\/\/vrtec-sezana.si\/index.php?rest_route=\/wp\/v2\/users\/35"}],"replies":[{"embeddable":true,"href":"https:\/\/vrtec-sezana.si\/index.php?rest_route=%2Fwp%2Fv2%2Fcomments&post=34469"}],"version-history":[{"count":1,"href":"https:\/\/vrtec-sezana.si\/index.php?rest_route=\/wp\/v2\/posts\/34469\/revisions"}],"predecessor-version":[{"id":34470,"href":"https:\/\/vrtec-sezana.si\/index.php?rest_route=\/wp\/v2\/posts\/34469\/revisions\/34470"}],"wp:featuredmedia":[{"embeddable":true,"href":"https:\/\/vrtec-sezana.si\/index.php?rest_route=\/wp\/v2\/media\/34467"}],"wp:attachment":[{"href":"https:\/\/vrtec-sezana.si\/index.php?rest_route=%2Fwp%2Fv2%2Fmedia&parent=34469"}],"wp:term":[{"taxonomy":"category","embeddable":true,"href":"https:\/\/vrtec-sezana.si\/index.php?rest_route=%2Fwp%2Fv2%2Fcategories&post=34469"},{"taxonomy":"post_tag","embeddable":true,"href":"https:\/\/vrtec-sezana.si\/index.php?rest_route=%2Fwp%2Fv2%2Ftags&post=34469"}],"curies":[{"name":"wp","href":"https:\/\/api.w.org\/{rel}","templated":true}]}}