{"id":34447,"date":"2026-03-16T17:59:41","date_gmt":"2026-03-16T16:59:41","guid":{"rendered":"https:\/\/vrtec-sezana.si\/?p=34447"},"modified":"2026-03-16T18:05:11","modified_gmt":"2026-03-16T17:05:11","slug":"februar-v-skupini-levi-3","status":"publish","type":"post","link":"https:\/\/vrtec-sezana.si\/?p=34447","title":{"rendered":"Februar v skupini Levi"},"content":{"rendered":"\n<p>Februar je bil za nas, Leve, mesec rojstnih dni. Praznovali smo jih kar pet. Zdaj lahko pet izmed nas poka\u017ee dva prsta na roki, ko nas vpra\u0161ajo, koliko smo stari. Praznovali smo z baloni, plesom in veselo glasbo.<\/p>\n\n\n\n<p>Imeli smo prvo sre\u010danje s star\u0161i. Zelo smo se zabavali, saj smo se z na\u0161imi mamami in o\u010deti ter brati in sestrami lahko igrali v na\u0161i telovadnici, kjer so za nas pripravili pravo gibalno veselico.<\/p>\n\n\n\n<p>Letos smo pust praznovali med zimskimi po\u010ditnicami, zato nas je bilo manj kot ponavadi. Zdru\u017eili smo se z na\u0161imi prijatelji iz skupine Medvedki. Poleg pustnega praznovanja smo se skupaj igrali, hodili na sprehode in stiskali sok iz pomaran\u010d.<\/p>\n\n\n\n<p>Po dolgem de\u017eevnem obdobju je proti koncu meseca kon\u010dno posijalo sonce, zato smo se lahko spet igrali na travniku in igri\u0161\u010du. Hoja po neravnem terenu, plezanje po drevesih, kopanje zemlje s palicami in druge dejavnosti na prostem nam zelo pomagajo pri razvoju.<\/p>\n\n\n\n<p>Za\u010deli smo tudi z izdelovanjem \u010destitk za 8. marec. Ker zelo radi ustvarjamo, smo imeli poleg izdelovanja \u010destitk tudi mo\u017enost slikati in tiskati na ve\u010dji list. Prvi\u010d smo preizkusili tehniko tiskanja z gobico in tempero.<\/p>\n\n\n\n<p>Besedilo: Andrea Roberti<\/p>\n\n\n\n<div class=\"wp-block-buttons is-layout-flex wp-block-buttons-is-layout-flex\">\n<div class=\"wp-block-button\"><a class=\"wp-block-button__link wp-element-button\" href=\"https:\/\/vrtec-sezana.si\/?page_id=34424\">GALERIJA<\/a><\/div>\n<\/div>\n","protected":false},"excerpt":{"rendered":"<p>Februar je bil za nas, Leve, mesec rojstnih dni. Praznovali smo jih kar pet. Zdaj lahko pet izmed nas poka\u017ee dva prsta na roki, ko nas vpra\u0161ajo, koliko smo stari. Praznovali smo z baloni, plesom in veselo glasbo. Imeli smo prvo sre\u010danje&#8230;<\/p>\n","protected":false},"author":5,"featured_media":34450,"comment_status":"closed","ping_status":"closed","sticky":false,"template":"","format":"standard","meta":{"footnotes":""},"categories":[9],"tags":[],"jetpack_featured_media_url":"https:\/\/vrtec-sezana.si\/wp-content\/uploads\/2026\/03\/IMG_20260227_075357-edited-scaled.jpg","_links":{"self":[{"href":"https:\/\/vrtec-sezana.si\/index.php?rest_route=\/wp\/v2\/posts\/34447"}],"collection":[{"href":"https:\/\/vrtec-sezana.si\/index.php?rest_route=\/wp\/v2\/posts"}],"about":[{"href":"https:\/\/vrtec-sezana.si\/index.php?rest_route=\/wp\/v2\/types\/post"}],"author":[{"embeddable":true,"href":"https:\/\/vrtec-sezana.si\/index.php?rest_route=\/wp\/v2\/users\/5"}],"replies":[{"embeddable":true,"href":"https:\/\/vrtec-sezana.si\/index.php?rest_route=%2Fwp%2Fv2%2Fcomments&post=34447"}],"version-history":[{"count":1,"href":"https:\/\/vrtec-sezana.si\/index.php?rest_route=\/wp\/v2\/posts\/34447\/revisions"}],"predecessor-version":[{"id":34448,"href":"https:\/\/vrtec-sezana.si\/index.php?rest_route=\/wp\/v2\/posts\/34447\/revisions\/34448"}],"wp:featuredmedia":[{"embeddable":true,"href":"https:\/\/vrtec-sezana.si\/index.php?rest_route=\/wp\/v2\/media\/34450"}],"wp:attachment":[{"href":"https:\/\/vrtec-sezana.si\/index.php?rest_route=%2Fwp%2Fv2%2Fmedia&parent=34447"}],"wp:term":[{"taxonomy":"category","embeddable":true,"href":"https:\/\/vrtec-sezana.si\/index.php?rest_route=%2Fwp%2Fv2%2Fcategories&post=34447"},{"taxonomy":"post_tag","embeddable":true,"href":"https:\/\/vrtec-sezana.si\/index.php?rest_route=%2Fwp%2Fv2%2Ftags&post=34447"}],"curies":[{"name":"wp","href":"https:\/\/api.w.org\/{rel}","templated":true}]}}