{"id":34392,"date":"2026-03-15T21:25:53","date_gmt":"2026-03-15T20:25:53","guid":{"rendered":"https:\/\/vrtec-sezana.si\/?p=34392"},"modified":"2026-03-15T21:25:54","modified_gmt":"2026-03-15T20:25:54","slug":"prvi-dnevi-v-vrtcu","status":"publish","type":"post","link":"https:\/\/vrtec-sezana.si\/?p=34392","title":{"rendered":"Prvi dnevi v vrtcu"},"content":{"rendered":"\n<p>Meseca marca se je odprla nova skupina v Diva\u010di. V njej so zbrani najmlaj\u0161i otroci, poimenovali smo se skupina \u00bbMi\u0161ke\u00ab. Za nami so \u017ee trije tedni novih dogodiv\u0161\u010din, izku\u0161enj, radovednih pogledov in odkrivanj novih prijateljstev. Med seboj se \u017ee dovolj poznamo, da se med sabo tudi \u017ee pobo\u017eamo, v\u010dasih zraven tudi zajokamo, ve\u010dinoma pa se nasmejemo. Najbolj zabavno je vedno pri mizi, kjer otroci u\u017eivajo ob hrani in pija\u010di. Poleg novih igra\u010d so otroci spoznali tudi potek ustvarjanja v vrtcu, s flomastri smo izdelali skupinsko risbo ter odtiskovali dlani s tempera barvo, ter tako ustvarili darila za mame. Odpravili smo se tudi na sprehode po vrtcu, obiskali telovadnico ter se dobro razmigali, odpravili smo se pa tudi \u017ee ven. A o teh podvigih povemo kaj ve\u010d zelo kmalu.<\/p>\n\n\n\n<p>Prve fotoutrinke si lahko ogledate v galeriji slik.<\/p>\n\n\n\n<p>Besedilo: Mateja Lah Vojska<\/p>\n\n\n\n<p>Fotografije: Mateja Lah Vojska in Ur\u0161ka Erman<\/p>\n\n\n\n<p><\/p>\n\n\n\n<div class=\"wp-block-buttons is-layout-flex wp-block-buttons-is-layout-flex\">\n<div class=\"wp-block-button\"><a class=\"wp-block-button__link wp-element-button\" href=\"https:\/\/vrtec-sezana.si\/?page_id=34368\">GALERIJA<\/a><\/div>\n<\/div>\n","protected":false},"excerpt":{"rendered":"<p>Meseca marca se je odprla nova skupina v Diva\u010di. V njej so zbrani najmlaj\u0161i otroci, poimenovali smo se skupina \u00bbMi\u0161ke\u00ab. Za nami so \u017ee trije tedni novih dogodiv\u0161\u010din, izku\u0161enj, radovednih pogledov in odkrivanj novih prijateljstev. Med seboj se \u017ee dovolj poznamo, da&#8230;<\/p>\n","protected":false},"author":6,"featured_media":34390,"comment_status":"closed","ping_status":"closed","sticky":false,"template":"","format":"standard","meta":{"footnotes":""},"categories":[9],"tags":[],"jetpack_featured_media_url":"https:\/\/vrtec-sezana.si\/wp-content\/uploads\/2026\/03\/20260306_125659-scaled-e1773606340633.jpg","_links":{"self":[{"href":"https:\/\/vrtec-sezana.si\/index.php?rest_route=\/wp\/v2\/posts\/34392"}],"collection":[{"href":"https:\/\/vrtec-sezana.si\/index.php?rest_route=\/wp\/v2\/posts"}],"about":[{"href":"https:\/\/vrtec-sezana.si\/index.php?rest_route=\/wp\/v2\/types\/post"}],"author":[{"embeddable":true,"href":"https:\/\/vrtec-sezana.si\/index.php?rest_route=\/wp\/v2\/users\/6"}],"replies":[{"embeddable":true,"href":"https:\/\/vrtec-sezana.si\/index.php?rest_route=%2Fwp%2Fv2%2Fcomments&post=34392"}],"version-history":[{"count":1,"href":"https:\/\/vrtec-sezana.si\/index.php?rest_route=\/wp\/v2\/posts\/34392\/revisions"}],"predecessor-version":[{"id":34393,"href":"https:\/\/vrtec-sezana.si\/index.php?rest_route=\/wp\/v2\/posts\/34392\/revisions\/34393"}],"wp:featuredmedia":[{"embeddable":true,"href":"https:\/\/vrtec-sezana.si\/index.php?rest_route=\/wp\/v2\/media\/34390"}],"wp:attachment":[{"href":"https:\/\/vrtec-sezana.si\/index.php?rest_route=%2Fwp%2Fv2%2Fmedia&parent=34392"}],"wp:term":[{"taxonomy":"category","embeddable":true,"href":"https:\/\/vrtec-sezana.si\/index.php?rest_route=%2Fwp%2Fv2%2Fcategories&post=34392"},{"taxonomy":"post_tag","embeddable":true,"href":"https:\/\/vrtec-sezana.si\/index.php?rest_route=%2Fwp%2Fv2%2Ftags&post=34392"}],"curies":[{"name":"wp","href":"https:\/\/api.w.org\/{rel}","templated":true}]}}