{"id":34361,"date":"2026-03-13T13:10:32","date_gmt":"2026-03-13T12:10:32","guid":{"rendered":"https:\/\/vrtec-sezana.si\/?p=34361"},"modified":"2026-03-13T13:10:32","modified_gmt":"2026-03-13T12:10:32","slug":"pustovanje-v-skupini-zabice","status":"publish","type":"post","link":"https:\/\/vrtec-sezana.si\/?p=34361","title":{"rendered":"Pustovanje v skupini \u017dabice"},"content":{"rendered":"\n<p>V na\u0161\u00a0 \u00bb\u017dabji dol\u00ab je pust pri\u0161el \u017ee kak\u0161en teden prej. Otroci so se u\u010dili pustno pesmico Krica Kraca, avtorice Mire Voglar, pogovarjali smo se o pustu, pustnih maskah, oblekah in sladkih krofih. V vrtec Hrpelje so pri\u0161li na obisk tudi Podgrajski \u0161koromati ter tako za\u010deli odganjati zimo.<\/p>\n\n\n\n<p>Z barvami za obraz sva z vzgojiteljico porisali obraze otrok. Narisale sva jim kar so si otroci za\u017eeleli in tako je v na\u0161 \u00bb\u017dabji dol\u00ab pri\u0161la tudi \u017eelvica, \u017eirafa, zaj\u010dek, veliko mi\u0161k, muck in ku\u017ekov.&nbsp; Vsak otrok si je v tem tednu pred pustom, izdelali ropotuljico iz odpadnega materiala in masko \u017eabice.<\/p>\n\n\n\n<p>Na pustni torek smo se dru\u017eili z otroki skupine Medvedki. Po malici smo se hitro oblekli v pustne kostume, si narisali brke, nosek, ro\u017eice, pikapolonice\u2026 in za\u010delo se je pustno rajanje.<\/p>\n\n\n\n<p>Tako so pikapolonice, mucke, batman, netopir\u010dek, medvedki, zmaj, kavbojski \u0161erif, zaj\u010dek\u2026 vsi skupaj plesali, si podajali in lovili balone, peli in se veselili.<\/p>\n\n\n\n<p>Za konec pustnega rajanja pa nam je \u0161e kurent na hitro pri\u0161el pozvon\u010dkljat v pozdrav.<\/p>\n\n\n\n<p>Besedilo: Ana Kova\u010di\u010d<\/p>\n\n\n\n<p>Fotografije: Ana Kova\u010di\u010d<\/p>\n\n\n\n<div class=\"wp-block-buttons is-layout-flex wp-block-buttons-is-layout-flex\">\n<div class=\"wp-block-button\"><a class=\"wp-block-button__link wp-element-button\" href=\"https:\/\/vrtec-sezana.si\/?page_id=34338\">GALERIJA<\/a><\/div>\n<\/div>\n","protected":false},"excerpt":{"rendered":"<p>V na\u0161\u00a0 \u00bb\u017dabji dol\u00ab je pust pri\u0161el \u017ee kak\u0161en teden prej. Otroci so se u\u010dili pustno pesmico Krica Kraca, avtorice Mire Voglar, pogovarjali smo se o pustu, pustnih maskah, oblekah in sladkih krofih. V vrtec Hrpelje so pri\u0161li na obisk tudi Podgrajski&#8230;<\/p>\n","protected":false},"author":35,"featured_media":34359,"comment_status":"closed","ping_status":"closed","sticky":false,"template":"","format":"standard","meta":{"footnotes":""},"categories":[10],"tags":[],"jetpack_featured_media_url":"https:\/\/vrtec-sezana.si\/wp-content\/uploads\/2026\/03\/pust-og-1.webp","_links":{"self":[{"href":"https:\/\/vrtec-sezana.si\/index.php?rest_route=\/wp\/v2\/posts\/34361"}],"collection":[{"href":"https:\/\/vrtec-sezana.si\/index.php?rest_route=\/wp\/v2\/posts"}],"about":[{"href":"https:\/\/vrtec-sezana.si\/index.php?rest_route=\/wp\/v2\/types\/post"}],"author":[{"embeddable":true,"href":"https:\/\/vrtec-sezana.si\/index.php?rest_route=\/wp\/v2\/users\/35"}],"replies":[{"embeddable":true,"href":"https:\/\/vrtec-sezana.si\/index.php?rest_route=%2Fwp%2Fv2%2Fcomments&post=34361"}],"version-history":[{"count":1,"href":"https:\/\/vrtec-sezana.si\/index.php?rest_route=\/wp\/v2\/posts\/34361\/revisions"}],"predecessor-version":[{"id":34362,"href":"https:\/\/vrtec-sezana.si\/index.php?rest_route=\/wp\/v2\/posts\/34361\/revisions\/34362"}],"wp:featuredmedia":[{"embeddable":true,"href":"https:\/\/vrtec-sezana.si\/index.php?rest_route=\/wp\/v2\/media\/34359"}],"wp:attachment":[{"href":"https:\/\/vrtec-sezana.si\/index.php?rest_route=%2Fwp%2Fv2%2Fmedia&parent=34361"}],"wp:term":[{"taxonomy":"category","embeddable":true,"href":"https:\/\/vrtec-sezana.si\/index.php?rest_route=%2Fwp%2Fv2%2Fcategories&post=34361"},{"taxonomy":"post_tag","embeddable":true,"href":"https:\/\/vrtec-sezana.si\/index.php?rest_route=%2Fwp%2Fv2%2Ftags&post=34361"}],"curies":[{"name":"wp","href":"https:\/\/api.w.org\/{rel}","templated":true}]}}