{"id":34336,"date":"2026-03-10T19:15:35","date_gmt":"2026-03-10T18:15:35","guid":{"rendered":"https:\/\/vrtec-sezana.si\/?p=34336"},"modified":"2026-03-10T19:15:35","modified_gmt":"2026-03-10T18:15:35","slug":"dan-zena-v-nasem-vrtcu","status":"publish","type":"post","link":"https:\/\/vrtec-sezana.si\/?p=34336","title":{"rendered":"Dan \u017eena v na\u0161em vrtcu"},"content":{"rendered":"\n<p>Osmi marec je dan, ko se po vsem svetu spomnimo pomena \u017eensk v dru\u017ebi ter njihovega poguma, vztrajnosti in skrbi za druge. Nastal je kot opomin na prizadevanja \u017eensk za enakopravnost, danes pa je tudi prilo\u017enost, da se jim zahvalimo za toplino, ljubezen in neprecenljivo vlogo, ki jo imajo v na\u0161ih \u017eivljenjih.<\/p>\n\n\n\n<p>V na\u0161em vrtcu smo ta dan obele\u017eili na prav poseben na\u010din. Vzgojitelji smo skupaj z otroki pripravili presene\u010denje za mamice in vse \u017eenske.<\/p>\n\n\n\n<p>Najprej so otroci ustvarjali portrete svojih mam. Vsaka risba je bila druga\u010dna, prav v tej raznolikosti pa se ka\u017ee otro\u0161ka iskrenost. S svojimi barvami, \u010drtami in drobnimi podrobnostmi so otroci prikazali, kako vidijo svoje mamice, kot nekoga, ki je zanje poseben, lep in nenadomestljiv.<\/p>\n\n\n\n<p>Iz otro\u0161kih risb smo v vrtcu pripravili razstavo, ki je napolnila hodnike z barvami, toplino in otro\u0161ko ustvarjalnostjo. Posebna naloga mamic je bila, da na razstavi poi\u0161\u010dejo svoj portret. Ob tem ni manjkalo smeha, presene\u010denja in tudi ganjenih trenutkov. Otroci so z velikim ponosom spremljali, ali bodo mamice prepoznale prav njihovo risbo.<\/p>\n\n\n\n<p>Za vse \u017eenske smo skupaj z otroki pripravili tudi lepo misel in majhno pozornost, ki so jo otroci lahko odnesli domov.<\/p>\n\n\n\n<p>Otroci so s svojo iskrenostjo, ustvarjalnostjo in ponosom \u0161e enkrat pokazali, kako pomembno je znati izre\u010di hvala. Prav majhne pozornosti so tiste, ki lahko nekomu polep\u0161ajo dan.<\/p>\n\n\n\n<p>Besedilo: Danijela Pipan <\/p>\n\n\n\n<p>Fotografije: Danijela Pipan <\/p>\n\n\n\n<div class=\"wp-block-buttons is-layout-flex wp-block-buttons-is-layout-flex\">\n<div class=\"wp-block-button\"><a class=\"wp-block-button__link wp-element-button\" href=\"https:\/\/vrtec-sezana.si\/?page_id=34326\">GALERIJA<\/a><\/div>\n<\/div>\n","protected":false},"excerpt":{"rendered":"<p>Osmi marec je dan, ko se po vsem svetu spomnimo pomena \u017eensk v dru\u017ebi ter njihovega poguma, vztrajnosti in skrbi za druge. Nastal je kot opomin na prizadevanja \u017eensk za enakopravnost, danes pa je tudi prilo\u017enost, da se jim zahvalimo za toplino,&#8230;<\/p>\n","protected":false},"author":13,"featured_media":34328,"comment_status":"closed","ping_status":"closed","sticky":false,"template":"","format":"standard","meta":{"footnotes":""},"categories":[11],"tags":[],"jetpack_featured_media_url":"https:\/\/vrtec-sezana.si\/wp-content\/uploads\/2026\/03\/1773165532883-scaled.jpg","_links":{"self":[{"href":"https:\/\/vrtec-sezana.si\/index.php?rest_route=\/wp\/v2\/posts\/34336"}],"collection":[{"href":"https:\/\/vrtec-sezana.si\/index.php?rest_route=\/wp\/v2\/posts"}],"about":[{"href":"https:\/\/vrtec-sezana.si\/index.php?rest_route=\/wp\/v2\/types\/post"}],"author":[{"embeddable":true,"href":"https:\/\/vrtec-sezana.si\/index.php?rest_route=\/wp\/v2\/users\/13"}],"replies":[{"embeddable":true,"href":"https:\/\/vrtec-sezana.si\/index.php?rest_route=%2Fwp%2Fv2%2Fcomments&post=34336"}],"version-history":[{"count":1,"href":"https:\/\/vrtec-sezana.si\/index.php?rest_route=\/wp\/v2\/posts\/34336\/revisions"}],"predecessor-version":[{"id":34337,"href":"https:\/\/vrtec-sezana.si\/index.php?rest_route=\/wp\/v2\/posts\/34336\/revisions\/34337"}],"wp:featuredmedia":[{"embeddable":true,"href":"https:\/\/vrtec-sezana.si\/index.php?rest_route=\/wp\/v2\/media\/34328"}],"wp:attachment":[{"href":"https:\/\/vrtec-sezana.si\/index.php?rest_route=%2Fwp%2Fv2%2Fmedia&parent=34336"}],"wp:term":[{"taxonomy":"category","embeddable":true,"href":"https:\/\/vrtec-sezana.si\/index.php?rest_route=%2Fwp%2Fv2%2Fcategories&post=34336"},{"taxonomy":"post_tag","embeddable":true,"href":"https:\/\/vrtec-sezana.si\/index.php?rest_route=%2Fwp%2Fv2%2Ftags&post=34336"}],"curies":[{"name":"wp","href":"https:\/\/api.w.org\/{rel}","templated":true}]}}