{"id":34322,"date":"2026-03-10T14:00:00","date_gmt":"2026-03-10T13:00:00","guid":{"rendered":"https:\/\/vrtec-sezana.si\/?p=34322"},"modified":"2026-03-10T14:00:00","modified_gmt":"2026-03-10T13:00:00","slug":"obisk-resevalke-tine-in-resevalca-kevina","status":"publish","type":"post","link":"https:\/\/vrtec-sezana.si\/?p=34322","title":{"rendered":"Obisk re\u0161evalke Tine in re\u0161evalca Kevina"},"content":{"rendered":"\n<p>Konec januarja sta nas v vrtcu obiskala Tina in Kevin, ki sta otrokom na prijazen in zanimiv na\u010din prikazala in opisala poklic re\u0161evalcev. Otroci so z zanimanjem spoznavali re\u0161evalno opremo, si ogledali re\u0161evalno vozilo ter imeli prilo\u017enost, da so nekatere pripomo\u010dke tudi sami preizkusili.&nbsp;<\/p>\n\n\n\n<p>&nbsp;Tini in Kevinu se zahvaljujemo za prijeten, zanimiv dopoldan, ki so ga pre\u017eiveli z nami.<\/p>\n\n\n\n<p>Besedilo: Monika Turk<\/p>\n\n\n\n<p>Fotografije : arhiv vrtca Komen<\/p>\n\n\n\n<div class=\"wp-block-buttons is-layout-flex wp-block-buttons-is-layout-flex\">\n<div class=\"wp-block-button\"><a class=\"wp-block-button__link wp-element-button\" href=\"https:\/\/vrtec-sezana.si\/?page_id=34306\">GALERIJA<\/a><\/div>\n<\/div>\n","protected":false},"excerpt":{"rendered":"<p>Konec januarja sta nas v vrtcu obiskala Tina in Kevin, ki sta otrokom na prijazen in zanimiv na\u010din prikazala in opisala poklic re\u0161evalcev. Otroci so z zanimanjem spoznavali re\u0161evalno opremo, si ogledali re\u0161evalno vozilo ter imeli prilo\u017enost, da so nekatere pripomo\u010dke tudi&#8230;<\/p>\n","protected":false},"author":40,"featured_media":34324,"comment_status":"closed","ping_status":"closed","sticky":false,"template":"","format":"standard","meta":{"footnotes":""},"categories":[12],"tags":[],"jetpack_featured_media_url":"https:\/\/vrtec-sezana.si\/wp-content\/uploads\/2026\/03\/att.jnMKq8RZ0p0dL0ah3P4ExYSO2eu_k4h3xColoAw9_tQ.jpg","_links":{"self":[{"href":"https:\/\/vrtec-sezana.si\/index.php?rest_route=\/wp\/v2\/posts\/34322"}],"collection":[{"href":"https:\/\/vrtec-sezana.si\/index.php?rest_route=\/wp\/v2\/posts"}],"about":[{"href":"https:\/\/vrtec-sezana.si\/index.php?rest_route=\/wp\/v2\/types\/post"}],"author":[{"embeddable":true,"href":"https:\/\/vrtec-sezana.si\/index.php?rest_route=\/wp\/v2\/users\/40"}],"replies":[{"embeddable":true,"href":"https:\/\/vrtec-sezana.si\/index.php?rest_route=%2Fwp%2Fv2%2Fcomments&post=34322"}],"version-history":[{"count":1,"href":"https:\/\/vrtec-sezana.si\/index.php?rest_route=\/wp\/v2\/posts\/34322\/revisions"}],"predecessor-version":[{"id":34325,"href":"https:\/\/vrtec-sezana.si\/index.php?rest_route=\/wp\/v2\/posts\/34322\/revisions\/34325"}],"wp:featuredmedia":[{"embeddable":true,"href":"https:\/\/vrtec-sezana.si\/index.php?rest_route=\/wp\/v2\/media\/34324"}],"wp:attachment":[{"href":"https:\/\/vrtec-sezana.si\/index.php?rest_route=%2Fwp%2Fv2%2Fmedia&parent=34322"}],"wp:term":[{"taxonomy":"category","embeddable":true,"href":"https:\/\/vrtec-sezana.si\/index.php?rest_route=%2Fwp%2Fv2%2Fcategories&post=34322"},{"taxonomy":"post_tag","embeddable":true,"href":"https:\/\/vrtec-sezana.si\/index.php?rest_route=%2Fwp%2Fv2%2Ftags&post=34322"}],"curies":[{"name":"wp","href":"https:\/\/api.w.org\/{rel}","templated":true}]}}