{"id":34302,"date":"2026-03-10T13:52:54","date_gmt":"2026-03-10T12:52:54","guid":{"rendered":"https:\/\/vrtec-sezana.si\/?p=34302"},"modified":"2026-03-10T13:52:54","modified_gmt":"2026-03-10T12:52:54","slug":"kulturni-dan-v-komenskem-vrtcu","status":"publish","type":"post","link":"https:\/\/vrtec-sezana.si\/?p=34302","title":{"rendered":"Kulturni dan v Komenskem vrtcu"},"content":{"rendered":"\n<p>\u017de v najzgodnej\u0161em obdobju je pomembno, da otrokom pribli\u017eamo pomen kulture, jezika in narodne pripadnosti. V vrtcu otroci kulturo spoznavajo predvsem skozi do\u017eivetja, pogovor in ustvarjanje.<\/p>\n\n\n\n<p>Kulturne vsebine smo pri Lev\u010dkih za\u010deli raziskovati \u017ee v mesecu januarju, ko smo veliko \u010dasa namenili pravljicam. Otroci so poslu\u0161ali zgodbe, jih obnavljali in opisovali knji\u017eevne like. Starej\u0161i so se kasneje preizkusili tudi v ustvarjanju lastnih zgodb s pomo\u010djo izbranih sli\u010dic, pri \u010demer so razvijali domi\u0161ljijo, besedni zaklad ter se urili v pripovedovanju.<\/p>\n\n\n\n<p>Na petek pred<strong> <\/strong>kulturnim dnem smo se vsi oddelki zbrali v ve\u010dnamenskem prostoru. Prisluhnili smo slovenski himni in se pogovarjali o tem, kdaj jo sli\u0161imo ter kaj predstavlja. Sledil je dvig slovenske zastave. Otroci so opisovali njene barve in prepoznali simbole v grbu.<\/p>\n\n\n\n<p>Dogodek smo zaklju\u010dili z ogledom animirane priredbe&nbsp;<em>Povodnega mo\u017ea<\/em>, ki je bila otrokom predstavljena na razumljiv in starosti primeren na\u010din.<\/p>\n\n\n\n<p>Kasneje so<strong> <\/strong>starej\u0161i otroci v igralnicah pobarvali slovenske zastave ter tako utrdili znanje na ustvarjalen na\u010din.<\/p>\n\n\n\n<p>Kulturni dan v vrtcu ni le enkraten dogodek, temve\u010d pomemben del vzgojno-izobra\u017eevalnega procesa, skozi katerega otroci razvijajo spo\u0161tovanje do jezika, literature in kulturne dedi\u0161\u010dine.<\/p>\n\n\n\n<p>Besedilo: Monika Turk<\/p>\n\n\n\n<p>Fotografije: arhiv vrtca Komen<\/p>\n\n\n\n<div class=\"wp-block-buttons is-layout-flex wp-block-buttons-is-layout-flex\">\n<div class=\"wp-block-button\"><a class=\"wp-block-button__link wp-element-button\" href=\"https:\/\/vrtec-sezana.si\/?page_id=34291\">GALERIJA<\/a><\/div>\n<\/div>\n","protected":false},"excerpt":{"rendered":"<p>\u017de v najzgodnej\u0161em obdobju je pomembno, da otrokom pribli\u017eamo pomen kulture, jezika in narodne pripadnosti. V vrtcu otroci kulturo spoznavajo predvsem skozi do\u017eivetja, pogovor in ustvarjanje. Kulturne vsebine smo pri Lev\u010dkih za\u010deli raziskovati \u017ee v mesecu januarju, ko smo veliko \u010dasa namenili&#8230;<\/p>\n","protected":false},"author":40,"featured_media":34304,"comment_status":"closed","ping_status":"closed","sticky":false,"template":"","format":"standard","meta":{"footnotes":""},"categories":[12],"tags":[],"jetpack_featured_media_url":"https:\/\/vrtec-sezana.si\/wp-content\/uploads\/2026\/03\/Kulturni-dogodki-sredi-epidemije.png","_links":{"self":[{"href":"https:\/\/vrtec-sezana.si\/index.php?rest_route=\/wp\/v2\/posts\/34302"}],"collection":[{"href":"https:\/\/vrtec-sezana.si\/index.php?rest_route=\/wp\/v2\/posts"}],"about":[{"href":"https:\/\/vrtec-sezana.si\/index.php?rest_route=\/wp\/v2\/types\/post"}],"author":[{"embeddable":true,"href":"https:\/\/vrtec-sezana.si\/index.php?rest_route=\/wp\/v2\/users\/40"}],"replies":[{"embeddable":true,"href":"https:\/\/vrtec-sezana.si\/index.php?rest_route=%2Fwp%2Fv2%2Fcomments&post=34302"}],"version-history":[{"count":1,"href":"https:\/\/vrtec-sezana.si\/index.php?rest_route=\/wp\/v2\/posts\/34302\/revisions"}],"predecessor-version":[{"id":34305,"href":"https:\/\/vrtec-sezana.si\/index.php?rest_route=\/wp\/v2\/posts\/34302\/revisions\/34305"}],"wp:featuredmedia":[{"embeddable":true,"href":"https:\/\/vrtec-sezana.si\/index.php?rest_route=\/wp\/v2\/media\/34304"}],"wp:attachment":[{"href":"https:\/\/vrtec-sezana.si\/index.php?rest_route=%2Fwp%2Fv2%2Fmedia&parent=34302"}],"wp:term":[{"taxonomy":"category","embeddable":true,"href":"https:\/\/vrtec-sezana.si\/index.php?rest_route=%2Fwp%2Fv2%2Fcategories&post=34302"},{"taxonomy":"post_tag","embeddable":true,"href":"https:\/\/vrtec-sezana.si\/index.php?rest_route=%2Fwp%2Fv2%2Ftags&post=34302"}],"curies":[{"name":"wp","href":"https:\/\/api.w.org\/{rel}","templated":true}]}}