{"id":34289,"date":"2026-03-09T22:48:00","date_gmt":"2026-03-09T21:48:00","guid":{"rendered":"https:\/\/vrtec-sezana.si\/?p=34289"},"modified":"2026-03-09T22:48:00","modified_gmt":"2026-03-09T21:48:00","slug":"prvi-nacionalni-dan-branja-v-skupini-kameleoncki","status":"publish","type":"post","link":"https:\/\/vrtec-sezana.si\/?p=34289","title":{"rendered":"Prvi nacionalni dan branja v skupini Kameleon\u010dki"},"content":{"rendered":"\n<p>\u00bbBranje je del sre\u010dnega \u017eivljenja, ki je najpomembnej\u0161i kapital za prihodnost na\u0161ih otrok.\u00ab dr. Manca Ko\u0161ir.<\/p>\n\n\n\n<p>Vlada Republike Slovenije je na predlog Ministrstva za kulturo razglasila 5. marec za nacionalni dan branja v Republiki Sloveniji. Datum je bil izbran kot po\u010dastitev rojstnega dne dr. Mance Ko\u0161ir, novinarke, publicistke in znane ambasadorke branja.<\/p>\n\n\n\n<p>V \u010detrtek, 5. marca 2026 smo tako praznovali prvi nacionalni dan branja. Letos je potekal pod sloganom Branje je veselje, navezan pa je bil tudi na Manifest o branju za 21. stoletje. Seveda smo se praznovanju pridru\u017eili tudi v skupini Kameleon\u010dki.&nbsp;<\/p>\n\n\n\n<p>Odpravili smo se do Osnovne \u0161ole Sre\u010dka Kosovela, kje nas je sprejela prijazna knji\u017eni\u010darka Petra Hla\u010da in nas peljala na obisk v prvi A, nam pokazala \u0161olsko knji\u017enico in nam povedala pravljico Tiho, tukaj beremopisateljice&nbsp;Becky Bloom. Ko smo vstopili v \u0161olo smo najprej opazili, da je v njej veliko slik Sre\u010dka Kosovela. Hitro smo ugotovili, da je to zato, ker je po njem poimenovana osnovna \u0161ola.<\/p>\n\n\n\n<p>Ker zelo radi poslu\u0161amo pravljice in zgodbe, listamo pou\u010dne knjige in si izmi\u0161ljamo pravljice, pogosto obi\u0161\u010demoKosovelovo knji\u017enico.&nbsp;Zanimalo&nbsp;nas je, kak\u0161na so pravila v \u0161olski knji\u017enici, saj bomo prav kmalu tudi sami prvo\u0161ol\u010dki. Prvo pravilo je: bodi tiho, saj tukaj beremo, prav tako kot v pravljici.<\/p>\n\n\n\n<p>Tudi v tej knji\u017enici je veliko knjig in knji\u017eni\u010darka Petra nam je pripravila knjige, ki govorijo o branju. Po pravljici, smo si jih lahko ogledali. Ugotovili smo, da nekatere \u017ee poznamo, Sabina pa je fotografirala tiste, ki si jih bomo \u0161e izposodili in prebrali. Petra nam je podarila li\u010dna knji\u017ena kazala.<\/p>\n\n\n\n<p>V vrtcu smo prebrali pravljico Abecedno drevo&nbsp;pisatelja&nbsp;Leona&nbsp;Lionnija.&nbsp;\u010crkobuba je \u010drke, ki so sedele na drevesnih listih nau\u010dila, da so mo\u010dnej\u0161e, \u010de se zdru\u017eijo v besede, gosenica pa jih je nau\u010dila, da besede tvorijo stavke, s katerimi lahko pove\u0161 nekaj pomembnega, nekaj lepega, nekaj prijaznega. \u010crke v pravljici so se tako zdru\u017eile v besede, besede pa v stavek:&nbsp;<em>\u201dM<\/em><em>ir na svetu za vse ljudi.\u201d<\/em><\/p>\n\n\n\n<p>Manifest o branju za 21. stoletje<\/p>\n\n\n\n<p>Avtorji manifesta, Miha Kova\u010d, Kozma Aha\u010di\u010d, Metka Kostanjevec in Sabina Fras Popovi\u0107, so njegov namen in poslanstvo strnili v 13 to\u010dk in med drugim zapisali:<\/p>\n\n\n\n<p>Branje je skupna odgovornost in skupna prilo\u017enost. Da postane vidno, mora biti prisotno povsod: v vzgoji in izobra\u017eevanju, kulturi, znanosti, politiki, gospodarstvu, medijih, zdravstvu in vsakdanjih \u017eivljenjskih okoljih. Vsakdo lahko prispeva k temu, da je branje dostopno, vabljivo in smiselno \u2013 ne kot obveza, temve\u010d kot mo\u017enost in prilo\u017enost za osebni in skupni dru\u017ebeni napredek. Skrb za to, da postane branje vseprisotno, torej ni le dol\u017enost dr\u017eave, temve\u010d tudi civilne dru\u017ebe in vsakega posameznika. Le skupaj lahko ustvarimo okolje, ki branje postavlja na vidno in pomembno mesto.&nbsp;<\/p>\n\n\n\n<p>Branje je ena od temeljnih zmo\u017enosti razumevanja sveta, drugih in samih sebe. Ni le \u0161olska ve\u0161\u010dina ali prosto\u010dasna dejavnost, temve\u010d na\u010din mi\u0161ljenja, presojanja in povezovanja.&nbsp;Branje je temelj kriti\u010dnega mi\u0161ljenja, empatije in odpornosti dru\u017ebe pred la\u017emi. Podpisniki se zavzemamo za mo\u010dnej\u0161o bralno kulturo od zgodnjega otro\u0161tva, bolj\u0161o oskrbo knji\u017enic, kakovostne u\u010dne na\u010drte in ohranjanje mo\u010dne vloge sloven\u0161\u010dine v digitalni dobi.<\/p>\n\n\n\n<p>Manifest lahko preberete v celoti in podpi\u0161ete na: https:\/\/pismen.si\/nacionalni-dan-branja\/manifest\/<\/p>\n\n\n\n<p>Vir: Javna agencija za branje. Manifest o branju za 21. stoletje, dostopno 6.3.2026 na https:\/\/www.jakrs.si\/arhiv-novic-in-dogodkov\/manifest-o-branju-21-stoletje<\/p>\n\n\n\n<p>Besedilo: Sabina Vla\u0161i\u0107<\/p>\n\n\n\n<p>Fotografije: Sabina Vla\u0161i\u0107<\/p>\n\n\n\n<p><\/p>\n\n\n\n<div class=\"wp-block-buttons is-layout-flex wp-block-buttons-is-layout-flex\">\n<div class=\"wp-block-button\"><a class=\"wp-block-button__link wp-element-button\" href=\"https:\/\/vrtec-sezana.si\/?page_id=34266\">GALERIJA<\/a><\/div>\n<\/div>\n","protected":false},"excerpt":{"rendered":"<p>\u00bbBranje je del sre\u010dnega \u017eivljenja, ki je najpomembnej\u0161i kapital za prihodnost na\u0161ih otrok.\u00ab dr. Manca Ko\u0161ir. Vlada Republike Slovenije je na predlog Ministrstva za kulturo razglasila 5. marec za nacionalni dan branja v Republiki Sloveniji. Datum je bil izbran kot po\u010dastitev rojstnega&#8230;<\/p>\n","protected":false},"author":20,"featured_media":34287,"comment_status":"closed","ping_status":"closed","sticky":false,"template":"","format":"standard","meta":{"footnotes":""},"categories":[8],"tags":[],"jetpack_featured_media_url":"https:\/\/vrtec-sezana.si\/wp-content\/uploads\/2026\/03\/20260305_113438-scaled.jpg","_links":{"self":[{"href":"https:\/\/vrtec-sezana.si\/index.php?rest_route=\/wp\/v2\/posts\/34289"}],"collection":[{"href":"https:\/\/vrtec-sezana.si\/index.php?rest_route=\/wp\/v2\/posts"}],"about":[{"href":"https:\/\/vrtec-sezana.si\/index.php?rest_route=\/wp\/v2\/types\/post"}],"author":[{"embeddable":true,"href":"https:\/\/vrtec-sezana.si\/index.php?rest_route=\/wp\/v2\/users\/20"}],"replies":[{"embeddable":true,"href":"https:\/\/vrtec-sezana.si\/index.php?rest_route=%2Fwp%2Fv2%2Fcomments&post=34289"}],"version-history":[{"count":1,"href":"https:\/\/vrtec-sezana.si\/index.php?rest_route=\/wp\/v2\/posts\/34289\/revisions"}],"predecessor-version":[{"id":34290,"href":"https:\/\/vrtec-sezana.si\/index.php?rest_route=\/wp\/v2\/posts\/34289\/revisions\/34290"}],"wp:featuredmedia":[{"embeddable":true,"href":"https:\/\/vrtec-sezana.si\/index.php?rest_route=\/wp\/v2\/media\/34287"}],"wp:attachment":[{"href":"https:\/\/vrtec-sezana.si\/index.php?rest_route=%2Fwp%2Fv2%2Fmedia&parent=34289"}],"wp:term":[{"taxonomy":"category","embeddable":true,"href":"https:\/\/vrtec-sezana.si\/index.php?rest_route=%2Fwp%2Fv2%2Fcategories&post=34289"},{"taxonomy":"post_tag","embeddable":true,"href":"https:\/\/vrtec-sezana.si\/index.php?rest_route=%2Fwp%2Fv2%2Ftags&post=34289"}],"curies":[{"name":"wp","href":"https:\/\/api.w.org\/{rel}","templated":true}]}}