{"id":32977,"date":"2026-01-12T16:27:02","date_gmt":"2026-01-12T15:27:02","guid":{"rendered":"https:\/\/vrtec-sezana.si\/?p=32977"},"modified":"2026-01-25T16:29:42","modified_gmt":"2026-01-25T15:29:42","slug":"december-v-vrtcu-praznicne-dejavnosti","status":"publish","type":"post","link":"https:\/\/vrtec-sezana.si\/?p=32977","title":{"rendered":"December v vrtcu &#8211; prazni\u010dne dejavnosti"},"content":{"rendered":"\n<p>December je v na\u0161em vrtcu potekal v znamenju prazni\u010dnih dejavnosti, ustvarjalnosti in sodelovanja z zunanjimi sodelavci ter star\u0161i. V tem mesecu smo otrokom pripravili raznolike vsebine, povezane z glasbo, ustvarjanjem, gibanjem in prazni\u010dnimi obi\u010daji.<\/p>\n\n\n\n<ul>\n<li>V za\u010detku decembra smo v vrtcu gostili Glasbeno \u0161olo Se\u017eana, ki je otrokom predstavila glasbeno predstavo Kako sta Bibi in Gusti sipala sre\u010do.&nbsp;<\/li>\n\n\n\n<li>V prazni\u010dnem \u010dasu smo skupaj okrasili novoletno jelko. Okrasje so predstavljali razli\u010dni copatki, ki so jih otroci izdelali doma skupaj s star\u0161i. Jelka je bila tako okra\u0161ena z unikatnimi izdelki, nastalimi v sodelovanju otrok in njihovih dru\u017ein.<\/li>\n\n\n\n<li>V popoldanskem \u010dasu smo organizirali novoletni bazar s star\u0161i. Otroci so v vrtcu izdelali razli\u010dne novoletne izdelke, ki so bili nato razstavljeni in na voljo na stojnicah bazarja. Dogodek sta s svojimi nastopi popestrila Plesno dru\u0161tvo Mavrica in ma\u017eoretke iz Povirja, ki so se predstavile s plesnimi to\u010dkami.<\/li>\n\n\n\n<li>Posvetili smo se tudi izdelovanju novoletnih \u010destitk. Otroci so ustvarjali z razli\u010dnimi materiali in tehnikami. Te so ob koncu leta odnesli domov.<\/li>\n\n\n\n<li>Mesec smo zaklju\u010dili z obiskom Dedka Mraza v vrtcu. Dedek Mraz je otroke obiskal, jih pozdravil in obdaril, otroci pa so mu namenili pozdrav in pozornost.<\/li>\n<\/ul>\n\n\n\n<p>December je bil v vrtcu zaznamovan z raznolikimi dejavnostmi, ki so otrokom omogo\u010dile sodelovanje v prazni\u010dnem dogajanju ter skupno pre\u017eivljanje \u010dasa v vrt\u010devskem okolju.<\/p>\n\n\n\n<p>Besedilo: Jasna Tabar<\/p>\n\n\n\n<p>Fotografije: arhiv enote Lehte<\/p>\n\n\n\n<div class=\"wp-block-buttons is-layout-flex wp-block-buttons-is-layout-flex\">\n<div class=\"wp-block-button\"><a class=\"wp-block-button__link wp-element-button\" href=\"https:\/\/vrtec-sezana.si\/?page_id=32959\">GA<\/a><\/div>\n\n\n\n<div class=\"wp-block-button\"><a class=\"wp-block-button__link wp-element-button\" href=\"https:\/\/vrtec-sezana.si\/?page_id=30482\">LERIJA<\/a><\/div>\n\n\n\n\n<\/div>\n\n\n\n<p><\/p>\n","protected":false},"excerpt":{"rendered":"<p>December je v na\u0161em vrtcu potekal v znamenju prazni\u010dnih dejavnosti, ustvarjalnosti in sodelovanja z zunanjimi sodelavci ter star\u0161i. V tem mesecu smo otrokom pripravili raznolike vsebine, povezane z glasbo, ustvarjanjem, gibanjem in prazni\u010dnimi obi\u010daji. December je bil v vrtcu zaznamovan z raznolikimi&#8230;<\/p>\n","protected":false},"author":26,"featured_media":32975,"comment_status":"closed","ping_status":"closed","sticky":false,"template":"","format":"standard","meta":{"footnotes":""},"categories":[6],"tags":[],"jetpack_featured_media_url":"https:\/\/vrtec-sezana.si\/wp-content\/uploads\/2026\/01\/prenos-1.jpg","_links":{"self":[{"href":"https:\/\/vrtec-sezana.si\/index.php?rest_route=\/wp\/v2\/posts\/32977"}],"collection":[{"href":"https:\/\/vrtec-sezana.si\/index.php?rest_route=\/wp\/v2\/posts"}],"about":[{"href":"https:\/\/vrtec-sezana.si\/index.php?rest_route=\/wp\/v2\/types\/post"}],"author":[{"embeddable":true,"href":"https:\/\/vrtec-sezana.si\/index.php?rest_route=\/wp\/v2\/users\/26"}],"replies":[{"embeddable":true,"href":"https:\/\/vrtec-sezana.si\/index.php?rest_route=%2Fwp%2Fv2%2Fcomments&post=32977"}],"version-history":[{"count":1,"href":"https:\/\/vrtec-sezana.si\/index.php?rest_route=\/wp\/v2\/posts\/32977\/revisions"}],"predecessor-version":[{"id":32978,"href":"https:\/\/vrtec-sezana.si\/index.php?rest_route=\/wp\/v2\/posts\/32977\/revisions\/32978"}],"wp:featuredmedia":[{"embeddable":true,"href":"https:\/\/vrtec-sezana.si\/index.php?rest_route=\/wp\/v2\/media\/32975"}],"wp:attachment":[{"href":"https:\/\/vrtec-sezana.si\/index.php?rest_route=%2Fwp%2Fv2%2Fmedia&parent=32977"}],"wp:term":[{"taxonomy":"category","embeddable":true,"href":"https:\/\/vrtec-sezana.si\/index.php?rest_route=%2Fwp%2Fv2%2Fcategories&post=32977"},{"taxonomy":"post_tag","embeddable":true,"href":"https:\/\/vrtec-sezana.si\/index.php?rest_route=%2Fwp%2Fv2%2Ftags&post=32977"}],"curies":[{"name":"wp","href":"https:\/\/api.w.org\/{rel}","templated":true}]}}