{"id":32887,"date":"2026-01-07T22:56:36","date_gmt":"2026-01-07T21:56:36","guid":{"rendered":"https:\/\/vrtec-sezana.si\/?p=32887"},"modified":"2026-01-22T23:21:56","modified_gmt":"2026-01-22T22:21:56","slug":"obisk-dedka-mraza-v-skupini-muce","status":"publish","type":"post","link":"https:\/\/vrtec-sezana.si\/?p=32887","title":{"rendered":"Obisk Dedka Mraza v skupini Muce"},"content":{"rendered":"\n<p>V skupini Muce smo tudi letos do\u017eiveli prav poseben decembrski dogodek, ki je otrokom pri\u010daral pravo prazni\u010dno vzdu\u0161je. Obiskal nas je Dedek Mraz, dobri mo\u017e, ki je s svojo toplino, umirjenostjo in nasmehom razveselil prav vse otroke v skupini. Spremljali so ga njegovi zvesti pal\u010dki, ki so poskrbeli, da je bil obisk \u0161e posebej \u010daroben.<\/p>\n\n\n\n<p>Vznemirjenje se je za\u010delo \u017ee, ko so otroci Dedka Mraza prvi\u010d zagledali skozi okno. Opazovanje njegovega prihoda je spro\u017eilo radovedne poglede, navdu\u0161ene vzklike in prijetno pri\u010dakovanje. Hitro smo se odpravili v telovadnico, kjer smo se zbrali in ga glasno poklicali. Otroci so z veseljem sodelovali, saj so si zelo \u017eeleli, da bi nas dobri mo\u017e sli\u0161al in se nam pridru\u017eil.<\/p>\n\n\n\n<p>Kmalu je Dedek Mraz res pri\u0161el \u2013 skupaj s pal\u010dki in vozom, polnim daril. Darila niso bila namenjena le skupini kot celoti, temve\u010d tudi vsakemu otroku posebej, kar je obisk naredilo \u0161e bolj oseben in poseben. Otroci so ga z zanimanjem opazovali, mu prisluhnili in za\u010dutili prazni\u010dno toplino, ki jo je prinesel s seboj.<\/p>\n\n\n\n<p>V zahvalo so mu otroci zapeli nekaj pesmic, ki so jih v teh dneh pridno vadili. Pesem, nasmeh in otro\u0161ka iskrenost so ustvarili prijetno in spro\u0161\u010deno vzdu\u0161je. Ob koncu obiska smo se Dedku Mrazu lepo zahvalili, nato pa naredili \u0161e skupno fotografijo, ki bo ostala lep spomin na \u010daroben decembrski dan.<\/p>\n\n\n\n<p>Obisk Dedka Mraza je bil za otroke nepozabno do\u017eivetje, polno veselja, topline in prazni\u010dne \u010darobnosti, ki bogati skupne trenutke v vrtcu.<\/p>\n\n\n\n<p>Besedilo: Lela Smiljani\u0107<\/p>\n\n\n\n<p>Fotografije: Lela Smiljani\u0107<\/p>\n\n\n\n<div class=\"wp-block-buttons is-layout-flex wp-block-buttons-is-layout-flex\">\n<div class=\"wp-block-button\"><a class=\"wp-block-button__link wp-element-button\" href=\"https:\/\/vrtec-sezana.si\/?page_id=32888\">GA<\/a><\/div>\n\n\n\n<div class=\"wp-block-button\"><a class=\"wp-block-button__link wp-element-button\" href=\"https:\/\/vrtec-sezana.si\/?page_id=30482\">LERIJA<\/a><\/div>\n\n\n\n\n<\/div>\n\n\n\n<p><\/p>\n","protected":false},"excerpt":{"rendered":"<p>V skupini Muce smo tudi letos do\u017eiveli prav poseben decembrski dogodek, ki je otrokom pri\u010daral pravo prazni\u010dno vzdu\u0161je. Obiskal nas je Dedek Mraz, dobri mo\u017e, ki je s svojo toplino, umirjenostjo in nasmehom razveselil prav vse otroke v skupini. Spremljali so ga&#8230;<\/p>\n","protected":false},"author":26,"featured_media":32909,"comment_status":"closed","ping_status":"closed","sticky":false,"template":"","format":"standard","meta":{"footnotes":""},"categories":[6],"tags":[],"jetpack_featured_media_url":"https:\/\/vrtec-sezana.si\/wp-content\/uploads\/2026\/01\/images-1.jpg","_links":{"self":[{"href":"https:\/\/vrtec-sezana.si\/index.php?rest_route=\/wp\/v2\/posts\/32887"}],"collection":[{"href":"https:\/\/vrtec-sezana.si\/index.php?rest_route=\/wp\/v2\/posts"}],"about":[{"href":"https:\/\/vrtec-sezana.si\/index.php?rest_route=\/wp\/v2\/types\/post"}],"author":[{"embeddable":true,"href":"https:\/\/vrtec-sezana.si\/index.php?rest_route=\/wp\/v2\/users\/26"}],"replies":[{"embeddable":true,"href":"https:\/\/vrtec-sezana.si\/index.php?rest_route=%2Fwp%2Fv2%2Fcomments&post=32887"}],"version-history":[{"count":1,"href":"https:\/\/vrtec-sezana.si\/index.php?rest_route=\/wp\/v2\/posts\/32887\/revisions"}],"predecessor-version":[{"id":32911,"href":"https:\/\/vrtec-sezana.si\/index.php?rest_route=\/wp\/v2\/posts\/32887\/revisions\/32911"}],"wp:featuredmedia":[{"embeddable":true,"href":"https:\/\/vrtec-sezana.si\/index.php?rest_route=\/wp\/v2\/media\/32909"}],"wp:attachment":[{"href":"https:\/\/vrtec-sezana.si\/index.php?rest_route=%2Fwp%2Fv2%2Fmedia&parent=32887"}],"wp:term":[{"taxonomy":"category","embeddable":true,"href":"https:\/\/vrtec-sezana.si\/index.php?rest_route=%2Fwp%2Fv2%2Fcategories&post=32887"},{"taxonomy":"post_tag","embeddable":true,"href":"https:\/\/vrtec-sezana.si\/index.php?rest_route=%2Fwp%2Fv2%2Ftags&post=32887"}],"curies":[{"name":"wp","href":"https:\/\/api.w.org\/{rel}","templated":true}]}}