{"id":32839,"date":"2026-01-21T18:09:57","date_gmt":"2026-01-21T17:09:57","guid":{"rendered":"https:\/\/vrtec-sezana.si\/?p=32839"},"modified":"2026-01-21T18:09:57","modified_gmt":"2026-01-21T17:09:57","slug":"december-v-skupini-levi-2","status":"publish","type":"post","link":"https:\/\/vrtec-sezana.si\/?p=32839","title":{"rendered":"December v skupini Levi"},"content":{"rendered":"\n<p>December je bil tudi za nas, Leve, \u010das praznovanja in veselja. Okrasili smo vrtec, na\u0161o garderobo in igralnico. Najbolj zanimive pa so nam bile seveda lu\u010dke.<\/p>\n\n\n\n<p>Z nestrpnostjo smo \u010dakali prihod dedka Mraza. Najprej smo spoznali njegovo podobo in se pogovorili o tem, kaj dela, da nas ob njegovem prihodu ne bi bilo preve\u010d strah. Nekega son\u010dnega dne pa se je dedek Mraz resni\u010dno pojavil na na\u0161i terasi in nas prijazno pozdravil skozi okno. Nekateri smo ga bili zelo veseli, nekateri pa smo se ga malo bali, vendar noben Lev ni jokal.<\/p>\n\n\n\n<p>Opazili smo, da je pred oknom pustil vre\u010do. Takoj smo jo odnesli v igralnico, jo odprli in v njej na\u0161li dve novi igra\u010di. Novih igra\u010d smo bili zelo veseli in se z njimi z veseljem igramo vsak dan.<\/p>\n\n\n\n<p>V decembru smo si ogledali tudi ve\u010d zanimivih predstav in nastopov. Najprej smo si v sosednji igralnici ogledali lutkovno predstavo z naslovom&nbsp;<em>Rokavi\u010dka<\/em>. V avli v zgornjem nadstropju vrtca pa smo bili povabljeni na prvi nastop otro\u0161kega pevskega zbora Vrtca Diva\u010da. Znane in manj znane pesmi smo z veseljem poslu\u0161ali, na koncu pa smo lahko vsi skupaj tudi zapeli.<\/p>\n\n\n\n<p>Malo pred novim letom, \u017ee v \u010dasu po\u010ditnic, pa so nas obiskale baletke Baletne \u0161ole Diva\u010da, ki so za nas pripravile \u010dudovit plesni nastop.<\/p>\n\n\n\n<p>Besedilo: Andrea Roberti<\/p>\n\n\n\n<div class=\"wp-block-buttons is-layout-flex wp-block-buttons-is-layout-flex\">\n<div class=\"wp-block-button\"><a class=\"wp-block-button__link wp-element-button\" href=\"https:\/\/vrtec-sezana.si\/?page_id=32821\">GALERIJA<\/a><\/div>\n<\/div>\n","protected":false},"excerpt":{"rendered":"<p>December je bil tudi za nas, Leve, \u010das praznovanja in veselja. Okrasili smo vrtec, na\u0161o garderobo in igralnico. Najbolj zanimive pa so nam bile seveda lu\u010dke. Z nestrpnostjo smo \u010dakali prihod dedka Mraza. Najprej smo spoznali njegovo podobo in se pogovorili o&#8230;<\/p>\n","protected":false},"author":5,"featured_media":32836,"comment_status":"closed","ping_status":"closed","sticky":false,"template":"","format":"standard","meta":{"footnotes":""},"categories":[9],"tags":[],"jetpack_featured_media_url":"https:\/\/vrtec-sezana.si\/wp-content\/uploads\/2026\/01\/IMG_20251230_094025-scaled.jpg","_links":{"self":[{"href":"https:\/\/vrtec-sezana.si\/index.php?rest_route=\/wp\/v2\/posts\/32839"}],"collection":[{"href":"https:\/\/vrtec-sezana.si\/index.php?rest_route=\/wp\/v2\/posts"}],"about":[{"href":"https:\/\/vrtec-sezana.si\/index.php?rest_route=\/wp\/v2\/types\/post"}],"author":[{"embeddable":true,"href":"https:\/\/vrtec-sezana.si\/index.php?rest_route=\/wp\/v2\/users\/5"}],"replies":[{"embeddable":true,"href":"https:\/\/vrtec-sezana.si\/index.php?rest_route=%2Fwp%2Fv2%2Fcomments&post=32839"}],"version-history":[{"count":1,"href":"https:\/\/vrtec-sezana.si\/index.php?rest_route=\/wp\/v2\/posts\/32839\/revisions"}],"predecessor-version":[{"id":32840,"href":"https:\/\/vrtec-sezana.si\/index.php?rest_route=\/wp\/v2\/posts\/32839\/revisions\/32840"}],"wp:featuredmedia":[{"embeddable":true,"href":"https:\/\/vrtec-sezana.si\/index.php?rest_route=\/wp\/v2\/media\/32836"}],"wp:attachment":[{"href":"https:\/\/vrtec-sezana.si\/index.php?rest_route=%2Fwp%2Fv2%2Fmedia&parent=32839"}],"wp:term":[{"taxonomy":"category","embeddable":true,"href":"https:\/\/vrtec-sezana.si\/index.php?rest_route=%2Fwp%2Fv2%2Fcategories&post=32839"},{"taxonomy":"post_tag","embeddable":true,"href":"https:\/\/vrtec-sezana.si\/index.php?rest_route=%2Fwp%2Fv2%2Ftags&post=32839"}],"curies":[{"name":"wp","href":"https:\/\/api.w.org\/{rel}","templated":true}]}}