{"id":32817,"date":"2026-01-21T14:25:07","date_gmt":"2026-01-21T13:25:07","guid":{"rendered":"https:\/\/vrtec-sezana.si\/?p=32817"},"modified":"2026-01-21T14:25:07","modified_gmt":"2026-01-21T13:25:07","slug":"dan-brez-multimedije-v-vrtcu-lokev","status":"publish","type":"post","link":"https:\/\/vrtec-sezana.si\/?p=32817","title":{"rendered":"Dan brez multimedije v vrtcu Lokev"},"content":{"rendered":"\n<p>V vrtcu Lokev, smo obele\u017eili dan brez multimedije, ki je bil namenjen spodbujanju gibanja, domi\u0161ljije in medsebojnega sodelovanja brez uporabe zaslonov. Otrokom smo ponudili pester in pravlji\u010dno obarvan program. V eni izmed igralnic je potekala pravlji\u010dna joga za otroke, kjer so se skozi zgodbo prelevili v \u017eivali, drevesa in junake ter z gibanjem umirjali telo in misli. Poseben poudarek smo namenili tudi pozdravu soncu, ki je otroke spodbudil k zavedanju telesa, dihanja in spro\u0161\u010danju. V drugi sobi je bila pripravljena pajkova mre\u017ea iz elasti\u010dnih vrvic , kjer so otroci preizku\u0161ali svojo spretnost, ravnote\u017eje in sodelovanje. Dan je minil v spro\u0161\u010denem, ustvarjalnem in igrivem vzdu\u0161ju ter otrokom pokazal, da je lahko dan brez multimedije zelo zabaven in bogat.<\/p>\n\n\n\n<p>Besedilo: Tina Orel<\/p>\n\n\n\n<p>Fotografije: arhiv enote Lokev<\/p>\n\n\n\n<div class=\"wp-block-buttons is-layout-flex wp-block-buttons-is-layout-flex\">\n<div class=\"wp-block-button\"><a class=\"wp-block-button__link wp-element-button\" href=\"https:\/\/vrtec-sezana.si\/?page_id=32794\">GALERIJA<\/a><\/div>\n<\/div>\n","protected":false},"excerpt":{"rendered":"<p>V vrtcu Lokev, smo obele\u017eili dan brez multimedije, ki je bil namenjen spodbujanju gibanja, domi\u0161ljije in medsebojnega sodelovanja brez uporabe zaslonov. Otrokom smo ponudili pester in pravlji\u010dno obarvan program. V eni izmed igralnic je potekala pravlji\u010dna joga za otroke, kjer so se&#8230;<\/p>\n","protected":false},"author":34,"featured_media":32819,"comment_status":"closed","ping_status":"closed","sticky":false,"template":"","format":"standard","meta":{"footnotes":""},"categories":[13],"tags":[],"jetpack_featured_media_url":"https:\/\/vrtec-sezana.si\/wp-content\/uploads\/2026\/01\/ChatGPT-Image-21.-jan.-2026-14_28_39.png","_links":{"self":[{"href":"https:\/\/vrtec-sezana.si\/index.php?rest_route=\/wp\/v2\/posts\/32817"}],"collection":[{"href":"https:\/\/vrtec-sezana.si\/index.php?rest_route=\/wp\/v2\/posts"}],"about":[{"href":"https:\/\/vrtec-sezana.si\/index.php?rest_route=\/wp\/v2\/types\/post"}],"author":[{"embeddable":true,"href":"https:\/\/vrtec-sezana.si\/index.php?rest_route=\/wp\/v2\/users\/34"}],"replies":[{"embeddable":true,"href":"https:\/\/vrtec-sezana.si\/index.php?rest_route=%2Fwp%2Fv2%2Fcomments&post=32817"}],"version-history":[{"count":1,"href":"https:\/\/vrtec-sezana.si\/index.php?rest_route=\/wp\/v2\/posts\/32817\/revisions"}],"predecessor-version":[{"id":32820,"href":"https:\/\/vrtec-sezana.si\/index.php?rest_route=\/wp\/v2\/posts\/32817\/revisions\/32820"}],"wp:featuredmedia":[{"embeddable":true,"href":"https:\/\/vrtec-sezana.si\/index.php?rest_route=\/wp\/v2\/media\/32819"}],"wp:attachment":[{"href":"https:\/\/vrtec-sezana.si\/index.php?rest_route=%2Fwp%2Fv2%2Fmedia&parent=32817"}],"wp:term":[{"taxonomy":"category","embeddable":true,"href":"https:\/\/vrtec-sezana.si\/index.php?rest_route=%2Fwp%2Fv2%2Fcategories&post=32817"},{"taxonomy":"post_tag","embeddable":true,"href":"https:\/\/vrtec-sezana.si\/index.php?rest_route=%2Fwp%2Fv2%2Ftags&post=32817"}],"curies":[{"name":"wp","href":"https:\/\/api.w.org\/{rel}","templated":true}]}}