{"id":32792,"date":"2026-01-20T18:34:12","date_gmt":"2026-01-20T17:34:12","guid":{"rendered":"https:\/\/vrtec-sezana.si\/?p=32792"},"modified":"2026-01-20T18:34:13","modified_gmt":"2026-01-20T17:34:13","slug":"skupina-miske-in-svetovni-dan-brez-multimedije","status":"publish","type":"post","link":"https:\/\/vrtec-sezana.si\/?p=32792","title":{"rendered":"Skupina Mi\u0161ke in Svetovni dan brez multimedije"},"content":{"rendered":"\n<p>Vsako leto 20. januarja obele\u017eujemo Svetovni dan brez multimedije, dan namenjen ozave\u0161\u010danju o pomenu zmerne uporabe elektronskih naprav in spodbujanju kakovostnega pre\u017eivljanja \u010dasa brez zaslonov. Ta dan nas opominja, da lahko otroci in odrasli veliko pridobimo z gibanjem, igro, dru\u017eenjem in ustvarjalnostjo v resni\u010dnem svetu.<\/p>\n\n\n\n<p>Svetovni dan brez multimedije spodbuja, da vsaj za en dan izklopimo televizije, tablice, ra\u010dunalnike in telefone ter \u010das namenimo dejavnostim, ki krepijo telo, domi\u0161ljijo, socialne ve\u0161\u010dine in medsebojne odnose. \u0160e posebej pomemben je za otroke, saj gibanje in igra pomembno vplivata na njihov celostni razvoj.<\/p>\n\n\n\n<p>Dan brez multimedije obele\u017eujemo z razli\u010dnimi dejavnostmi, kot so gibanje, igre na prostem, ustvarjalne delavnice, dru\u017eabne igre in branje. Namen dneva je pokazati, da za kakovostno pre\u017eivet dan ne potrebujemo zaslonov, temve\u010d le dobro voljo, gibanje in dru\u017eenje.<\/p>\n\n\n\n<p>Tudi v na\u0161em vrtcu smo ta dan obele\u017eili na prav poseben, aktiven na\u010din. Odprli smo vrata igralnic, v katerih so bili pripravljeni razli\u010dni poligoni in gibalni izzivi. Otroci so lahko prehajali med igralnicami in se preizku\u0161ali v raznolikih gibalnih dejavnostih.<\/p>\n\n\n\n<p>Najmlaj\u0161i otroci iz skupine Mi\u0161ke skupaj s skupino Medvedki smo imeli gibalni dan v telovadnici, kjer so nam vzgojiteljice pripravile zanimiv poligon z razli\u010dnimi izzivi. Z velikim navdu\u0161enjem smo se odpravili tudi v druge igralnice po vrtcu in preizkusili \u0161e dodatne gibalne naloge. Plezali smo, se plazili pod in nad ovirami, se re\u0161evali iz pajkove mre\u017ee, hodili pod tuneli in skozi obro\u010de, skakali s stopnic, hodili po labirintu iz stolov ter premagovali \u0161e veliko drugih izzivov. Ob tem smo krepili svojo gibljivost, ravnote\u017eje, pogum in predvsem u\u017eivali v gibanju ter skupni igri.<\/p>\n\n\n\n<p>Svetovni dan brez multimedije nam je ostal v lepem spominu kot dan poln gibanja, smeha in veselja \u2013 dokaz, da se imamo brez zaslonov lahko zelo lepo.<\/p>\n\n\n\n<p>Besedilo: Sa\u0161a Tera\u017e<\/p>\n\n\n\n<p>Fotografije: Sa\u0161a Tera\u017e<\/p>\n\n\n\n<div class=\"wp-block-buttons is-layout-flex wp-block-buttons-is-layout-flex\">\n<div class=\"wp-block-button\"><a class=\"wp-block-button__link wp-element-button\" href=\"https:\/\/vrtec-sezana.si\/?page_id=32768\">GA<\/a><\/div>\n\n\n\n<div class=\"wp-block-button\"><a class=\"wp-block-button__link wp-element-button\" href=\"https:\/\/vrtec-sezana.si\/?page_id=30482\">LERIJA<\/a><\/div>\n\n\n\n\n<\/div>\n\n\n\n<p><\/p>\n","protected":false},"excerpt":{"rendered":"<p>Vsako leto 20. januarja obele\u017eujemo Svetovni dan brez multimedije, dan namenjen ozave\u0161\u010danju o pomenu zmerne uporabe elektronskih naprav in spodbujanju kakovostnega pre\u017eivljanja \u010dasa brez zaslonov. Ta dan nas opominja, da lahko otroci in odrasli veliko pridobimo z gibanjem, igro, dru\u017eenjem in ustvarjalnostjo&#8230;<\/p>\n","protected":false},"author":26,"featured_media":32769,"comment_status":"closed","ping_status":"closed","sticky":false,"template":"","format":"standard","meta":{"footnotes":""},"categories":[6],"tags":[],"jetpack_featured_media_url":"https:\/\/vrtec-sezana.si\/wp-content\/uploads\/2026\/01\/multimedija.jpg","_links":{"self":[{"href":"https:\/\/vrtec-sezana.si\/index.php?rest_route=\/wp\/v2\/posts\/32792"}],"collection":[{"href":"https:\/\/vrtec-sezana.si\/index.php?rest_route=\/wp\/v2\/posts"}],"about":[{"href":"https:\/\/vrtec-sezana.si\/index.php?rest_route=\/wp\/v2\/types\/post"}],"author":[{"embeddable":true,"href":"https:\/\/vrtec-sezana.si\/index.php?rest_route=\/wp\/v2\/users\/26"}],"replies":[{"embeddable":true,"href":"https:\/\/vrtec-sezana.si\/index.php?rest_route=%2Fwp%2Fv2%2Fcomments&post=32792"}],"version-history":[{"count":1,"href":"https:\/\/vrtec-sezana.si\/index.php?rest_route=\/wp\/v2\/posts\/32792\/revisions"}],"predecessor-version":[{"id":32793,"href":"https:\/\/vrtec-sezana.si\/index.php?rest_route=\/wp\/v2\/posts\/32792\/revisions\/32793"}],"wp:featuredmedia":[{"embeddable":true,"href":"https:\/\/vrtec-sezana.si\/index.php?rest_route=\/wp\/v2\/media\/32769"}],"wp:attachment":[{"href":"https:\/\/vrtec-sezana.si\/index.php?rest_route=%2Fwp%2Fv2%2Fmedia&parent=32792"}],"wp:term":[{"taxonomy":"category","embeddable":true,"href":"https:\/\/vrtec-sezana.si\/index.php?rest_route=%2Fwp%2Fv2%2Fcategories&post=32792"},{"taxonomy":"post_tag","embeddable":true,"href":"https:\/\/vrtec-sezana.si\/index.php?rest_route=%2Fwp%2Fv2%2Ftags&post=32792"}],"curies":[{"name":"wp","href":"https:\/\/api.w.org\/{rel}","templated":true}]}}