{"id":31524,"date":"2025-12-13T19:00:17","date_gmt":"2025-12-13T18:00:17","guid":{"rendered":"https:\/\/vrtec-sezana.si\/?p=31524"},"modified":"2025-12-13T19:00:17","modified_gmt":"2025-12-13T18:00:17","slug":"novembrsko-raziskovanje-hrane-v-skupini-lisicke","status":"publish","type":"post","link":"https:\/\/vrtec-sezana.si\/?p=31524","title":{"rendered":"Novembrsko raziskovanje hrane v skupini Lisi\u010dke"},"content":{"rendered":"\n<p>V mesecu novembru smo v vrtcu veliko \u010dasa posvetili temi hrane, ki smo jo z otroki raziskovali na razli\u010dne, zanimive in otrokom bli\u017enje na\u010dine. Pogovori o tem, kaj jemo, od kod hrana prihaja in kaj pomeni \u00bbzdrava\u00ab prehrana, so potekali skoraj vsak dan in so se pogosto nadaljevali tudi med obroki. Otroci so drug drugega spodbujali k oku\u0161anju hrane ter delili svoje izku\u0161nje in znanje.<\/p>\n\n\n\n<p>Otroci so izdelovali prehransko piramido, plakate z \u017eivili tradicionalnega slovenskega zajtrka ter risali ko\u0161aro z \u017eivili, ki so jo najprej opazovali. Risali so s \u010drnim flomastrom, barvali z vo\u0161\u010denkami in ozadje dopolnili z vodenimi barvami. Ob tem so sami izbirali barve in na\u010din upodabljanja. Na lastno pobudo so si izdelali tudi tablice z imeni in \u010debelico, ki smo jih uporabili ob tradicionalnem slovenskem zajtrku. Z veseljem so si ogledovali videoposnetke na temo hrane in si iz njih zapomnili veliko zanimivosti.<\/p>\n\n\n\n<p>Veliko \u010dasa smo pre\u017eiveli tudi na prostem, predvsem v gozdu. Otroci so se tam spro\u0161\u010deno igrali, gradili hi\u0161ke, sestavljali razli\u010dne strukture iz vej in se povezovali skozi domi\u0161ljijsko igro. Vsakodnevno smo se razgibavali, spoznali jogo, izvajali vaje za ravnote\u017eje, stali na eni nogi, uporabljali hodulje ter igrali gibalne igre, kot je igra \u010cebele v panje.<\/p>\n\n\n\n<p>Mesec je obogatil obisk \u010debelarja, ki je otrokom predstavil svoj poklic, \u010debele in \u010debelnjak s pomo\u010djo fotografij, otroci pa so lahko tudi poskusili med, kar jih je \u0161e posebej razveselilo.<\/p>\n\n\n\n<p>Ves november je bil poln raznolikih dejavnosti, pri katerih so otroci aktivno sodelovali, raziskovali, ustvarjali in se u\u010dili skozi igro ter vsakodnevne izku\u0161nje povezane s hrano.<\/p>\n\n\n\n<p>Besedilo: Veronika Sorta<\/p>\n\n\n\n<p>Fotografije: Veronika Sorta<\/p>\n\n\n\n<div class=\"wp-block-buttons is-layout-flex wp-block-buttons-is-layout-flex\">\n<div class=\"wp-block-button\"><a class=\"wp-block-button__link wp-element-button\" href=\"https:\/\/vrtec-sezana.si\/?page_id=31523\">GALERIJA<\/a><\/div>\n<\/div>\n","protected":false},"excerpt":{"rendered":"<p>V mesecu novembru smo v vrtcu veliko \u010dasa posvetili temi hrane, ki smo jo z otroki raziskovali na razli\u010dne, zanimive in otrokom bli\u017enje na\u010dine. Pogovori o tem, kaj jemo, od kod hrana prihaja in kaj pomeni \u00bbzdrava\u00ab prehrana, so potekali skoraj vsak&#8230;<\/p>\n","protected":false},"author":31,"featured_media":31546,"comment_status":"closed","ping_status":"closed","sticky":false,"template":"","format":"standard","meta":{"footnotes":""},"categories":[11],"tags":[],"jetpack_featured_media_url":"https:\/\/vrtec-sezana.si\/wp-content\/uploads\/2025\/12\/responsive.webp","_links":{"self":[{"href":"https:\/\/vrtec-sezana.si\/index.php?rest_route=\/wp\/v2\/posts\/31524"}],"collection":[{"href":"https:\/\/vrtec-sezana.si\/index.php?rest_route=\/wp\/v2\/posts"}],"about":[{"href":"https:\/\/vrtec-sezana.si\/index.php?rest_route=\/wp\/v2\/types\/post"}],"author":[{"embeddable":true,"href":"https:\/\/vrtec-sezana.si\/index.php?rest_route=\/wp\/v2\/users\/31"}],"replies":[{"embeddable":true,"href":"https:\/\/vrtec-sezana.si\/index.php?rest_route=%2Fwp%2Fv2%2Fcomments&post=31524"}],"version-history":[{"count":1,"href":"https:\/\/vrtec-sezana.si\/index.php?rest_route=\/wp\/v2\/posts\/31524\/revisions"}],"predecessor-version":[{"id":31547,"href":"https:\/\/vrtec-sezana.si\/index.php?rest_route=\/wp\/v2\/posts\/31524\/revisions\/31547"}],"wp:featuredmedia":[{"embeddable":true,"href":"https:\/\/vrtec-sezana.si\/index.php?rest_route=\/wp\/v2\/media\/31546"}],"wp:attachment":[{"href":"https:\/\/vrtec-sezana.si\/index.php?rest_route=%2Fwp%2Fv2%2Fmedia&parent=31524"}],"wp:term":[{"taxonomy":"category","embeddable":true,"href":"https:\/\/vrtec-sezana.si\/index.php?rest_route=%2Fwp%2Fv2%2Fcategories&post=31524"},{"taxonomy":"post_tag","embeddable":true,"href":"https:\/\/vrtec-sezana.si\/index.php?rest_route=%2Fwp%2Fv2%2Ftags&post=31524"}],"curies":[{"name":"wp","href":"https:\/\/api.w.org\/{rel}","templated":true}]}}