{"id":31512,"date":"2025-12-13T18:34:14","date_gmt":"2025-12-13T17:34:14","guid":{"rendered":"https:\/\/vrtec-sezana.si\/?p=31512"},"modified":"2025-12-13T18:34:14","modified_gmt":"2025-12-13T17:34:14","slug":"tradicionalni-slovenski-zajtrk-v-skupini-lisicke","status":"publish","type":"post","link":"https:\/\/vrtec-sezana.si\/?p=31512","title":{"rendered":"Tradicionalni slovenski zajtrk v skupini Lisi\u010dke"},"content":{"rendered":"\n<p>V mesecu novembru smo obele\u017eili Tradicionalni slovenski zajtrk, ki ga praznujemo vsako leto tretji petek v tem mesecu. Ta dogodek spodbuja otroke, da spoznavajo pomen zajtrka in cenijo hrano, ki jo pridelamo v Sloveniji. Tradicionalni slovenski zajtrk je sestavljen iz kruha, masla, medu, mleka in jabolka \u2013 vse lokalne in pridelane pri nas.<\/p>\n\n\n\n<p>Dan pred zajtrkom so si otroci pripravili tablice z imeni, da je vsak dobil svoj prostor. Tisti dan pa smo okrasili mize z ro\u017eami ter rumenimi servietami, ki so dodale prijetno jesensko vzdu\u0161je. Skupaj smo si nato postregli tradicionalne jedi \u2013 spro\u0161\u010deno dru\u017eenje in pogovor ob zajtrku pa sta bila del lepe skupne izku\u0161nje.<\/p>\n\n\n\n<p>Tak\u0161ni skupni zajtrki otrokom omogo\u010dajo, da spoznajo tradicionalne okuse slovenske hrane, hkrati pa spodbujajo zdrave prehranjevalne navade \u017ee od malih nog. Ob tem smo se spomnili tudi, kako pomembno je, da cenimo delo lokalnih kmetov in \u010debelarjev, ki s svojo pridelavo prispevajo k na\u0161i vsakodnevni prehrani. Zajtrk je tako postregel ne le s hrano, temve\u010d tudi z novo izku\u0161njo in znanjem za otroke.<\/p>\n\n\n\n<p>Besedilo: Veronika Sorta<\/p>\n\n\n\n<p>Fotografije: Veronika Sorta<\/p>\n\n\n\n<div class=\"wp-block-buttons is-layout-flex wp-block-buttons-is-layout-flex\">\n<div class=\"wp-block-button\"><a class=\"wp-block-button__link wp-element-button\" href=\"https:\/\/vrtec-sezana.si\/?page_id=31513\">GALERIJA<\/a><\/div>\n<\/div>\n","protected":false},"excerpt":{"rendered":"<p>V mesecu novembru smo obele\u017eili Tradicionalni slovenski zajtrk, ki ga praznujemo vsako leto tretji petek v tem mesecu. Ta dogodek spodbuja otroke, da spoznavajo pomen zajtrka in cenijo hrano, ki jo pridelamo v Sloveniji. Tradicionalni slovenski zajtrk je sestavljen iz kruha, masla,&#8230;<\/p>\n","protected":false},"author":31,"featured_media":31521,"comment_status":"closed","ping_status":"closed","sticky":false,"template":"","format":"standard","meta":{"footnotes":""},"categories":[11],"tags":[],"jetpack_featured_media_url":"https:\/\/vrtec-sezana.si\/wp-content\/uploads\/2025\/12\/image-1.png","_links":{"self":[{"href":"https:\/\/vrtec-sezana.si\/index.php?rest_route=\/wp\/v2\/posts\/31512"}],"collection":[{"href":"https:\/\/vrtec-sezana.si\/index.php?rest_route=\/wp\/v2\/posts"}],"about":[{"href":"https:\/\/vrtec-sezana.si\/index.php?rest_route=\/wp\/v2\/types\/post"}],"author":[{"embeddable":true,"href":"https:\/\/vrtec-sezana.si\/index.php?rest_route=\/wp\/v2\/users\/31"}],"replies":[{"embeddable":true,"href":"https:\/\/vrtec-sezana.si\/index.php?rest_route=%2Fwp%2Fv2%2Fcomments&post=31512"}],"version-history":[{"count":1,"href":"https:\/\/vrtec-sezana.si\/index.php?rest_route=\/wp\/v2\/posts\/31512\/revisions"}],"predecessor-version":[{"id":31522,"href":"https:\/\/vrtec-sezana.si\/index.php?rest_route=\/wp\/v2\/posts\/31512\/revisions\/31522"}],"wp:featuredmedia":[{"embeddable":true,"href":"https:\/\/vrtec-sezana.si\/index.php?rest_route=\/wp\/v2\/media\/31521"}],"wp:attachment":[{"href":"https:\/\/vrtec-sezana.si\/index.php?rest_route=%2Fwp%2Fv2%2Fmedia&parent=31512"}],"wp:term":[{"taxonomy":"category","embeddable":true,"href":"https:\/\/vrtec-sezana.si\/index.php?rest_route=%2Fwp%2Fv2%2Fcategories&post=31512"},{"taxonomy":"post_tag","embeddable":true,"href":"https:\/\/vrtec-sezana.si\/index.php?rest_route=%2Fwp%2Fv2%2Ftags&post=31512"}],"curies":[{"name":"wp","href":"https:\/\/api.w.org\/{rel}","templated":true}]}}