{"id":31501,"date":"2025-12-13T18:30:55","date_gmt":"2025-12-13T17:30:55","guid":{"rendered":"https:\/\/vrtec-sezana.si\/?p=31501"},"modified":"2025-12-13T18:30:55","modified_gmt":"2025-12-13T17:30:55","slug":"jesenski-pohod-do-vasi-skopo","status":"publish","type":"post","link":"https:\/\/vrtec-sezana.si\/?p=31501","title":{"rendered":"Jesenski pohod do vasi Skopo"},"content":{"rendered":"\n<p>V mesecu novembru smo se z otroki odpravili na prijeten pohod do vasi Skopo, ki je bil poln lepih do\u017eivetij in dobre volje. Kljub temu da je bil \u017ee pozni jesenski \u010das, nas je razveselilo son\u010dno in toplo vreme, ki je bilo kot nala\u0161\u010d za gibanje na prostem.<\/p>\n\n\n\n<p>Pot nas je vodila do igri\u0161\u010da v vasi Skopo, kamor so se otroci z veseljem povzpeli. Med potjo so opazovali naravo, se pogovarjali in u\u017eivali v skupnem korakanju. Ob prihodu na cilj so se najprej okrep\u010dali, nato pa je sledil spro\u0161\u010den \u010das za igro na igri\u0161\u010du in igralih. Smeh, tek in plezanje so napolnili igri\u0161\u010de ter ustvarili prijetno vzdu\u0161je.<\/p>\n\n\n\n<p>Po kraj\u0161em po\u010ditku smo se vrnili nazaj v vrtec, utrujeni, a zadovoljni. Pohod je bil lepa prilo\u017enost za gibanje, dru\u017eenje in pre\u017eivljanje \u010dasa v naravi.<\/p>\n\n\n\n<p>Besedilo: Veronika Sorta<\/p>\n\n\n\n<p>Fotografije: Veronika Sorta<\/p>\n\n\n\n<div class=\"wp-block-buttons is-layout-flex wp-block-buttons-is-layout-flex\">\n<div class=\"wp-block-button\"><a class=\"wp-block-button__link wp-element-button\" href=\"https:\/\/vrtec-sezana.si\/?page_id=31502\">GALERIJA<\/a><\/div>\n<\/div>\n","protected":false},"excerpt":{"rendered":"<p>V mesecu novembru smo se z otroki odpravili na prijeten pohod do vasi Skopo, ki je bil poln lepih do\u017eivetij in dobre volje. Kljub temu da je bil \u017ee pozni jesenski \u010das, nas je razveselilo son\u010dno in toplo vreme, ki je bilo&#8230;<\/p>\n","protected":false},"author":31,"featured_media":31510,"comment_status":"closed","ping_status":"closed","sticky":false,"template":"","format":"standard","meta":{"footnotes":""},"categories":[11],"tags":[],"jetpack_featured_media_url":"https:\/\/vrtec-sezana.si\/wp-content\/uploads\/2025\/12\/IMG_20251107_114637-scaled.jpg","_links":{"self":[{"href":"https:\/\/vrtec-sezana.si\/index.php?rest_route=\/wp\/v2\/posts\/31501"}],"collection":[{"href":"https:\/\/vrtec-sezana.si\/index.php?rest_route=\/wp\/v2\/posts"}],"about":[{"href":"https:\/\/vrtec-sezana.si\/index.php?rest_route=\/wp\/v2\/types\/post"}],"author":[{"embeddable":true,"href":"https:\/\/vrtec-sezana.si\/index.php?rest_route=\/wp\/v2\/users\/31"}],"replies":[{"embeddable":true,"href":"https:\/\/vrtec-sezana.si\/index.php?rest_route=%2Fwp%2Fv2%2Fcomments&post=31501"}],"version-history":[{"count":1,"href":"https:\/\/vrtec-sezana.si\/index.php?rest_route=\/wp\/v2\/posts\/31501\/revisions"}],"predecessor-version":[{"id":31511,"href":"https:\/\/vrtec-sezana.si\/index.php?rest_route=\/wp\/v2\/posts\/31501\/revisions\/31511"}],"wp:featuredmedia":[{"embeddable":true,"href":"https:\/\/vrtec-sezana.si\/index.php?rest_route=\/wp\/v2\/media\/31510"}],"wp:attachment":[{"href":"https:\/\/vrtec-sezana.si\/index.php?rest_route=%2Fwp%2Fv2%2Fmedia&parent=31501"}],"wp:term":[{"taxonomy":"category","embeddable":true,"href":"https:\/\/vrtec-sezana.si\/index.php?rest_route=%2Fwp%2Fv2%2Fcategories&post=31501"},{"taxonomy":"post_tag","embeddable":true,"href":"https:\/\/vrtec-sezana.si\/index.php?rest_route=%2Fwp%2Fv2%2Ftags&post=31501"}],"curies":[{"name":"wp","href":"https:\/\/api.w.org\/{rel}","templated":true}]}}