{"id":31498,"date":"2025-12-13T09:11:52","date_gmt":"2025-12-13T08:11:52","guid":{"rendered":"https:\/\/vrtec-sezana.si\/?p=31498"},"modified":"2025-12-13T09:11:52","modified_gmt":"2025-12-13T08:11:52","slug":"novoletni-bazar-v-enoti-materija-spet-presegel-pricakovanje","status":"publish","type":"post","link":"https:\/\/vrtec-sezana.si\/?p=31498","title":{"rendered":"Novoletni bazar v enoti Materija spet presegel pri\u010dakovanje"},"content":{"rendered":"\n<p>Tudi letos smo v enoti Materija uspe\u0161no izpeljali tradicionalni novoletni bazar, ki predstavlja enega najbolj povezovalnih dogodkov v decembru. Otroci, star\u0161i in stari star\u0161i so lahko izbirali med \u0161iroko paleto ro\u010dno izdelanih izdelkov<strong> &#8211; <\/strong>vo\u0161\u010dilnice, pi\u0161koti, zeli\u0161\u010dni \u010daji, novoletni okraski in drugi unikatni izdelki.<\/p>\n\n\n\n<p>Dogodek je letos spremljalo posebno glasbeno vzdu\u0161je. Bazar so obogatili zvoki harmonike, ki so jih prispevali Niko Poles, njegov sin Oto in ne\u010dak Lan. S svojo glasbo so ustvarili prijetno prazni\u010dno ozra\u010dje, za kar se jim iskreno zahvaljujemo.<\/p>\n\n\n\n<p>Veseli smo, da se je dogodka udele\u017eilo veliko otrok skupaj z njihovimi dru\u017einami. Tako visoka udele\u017eba potrjuje mo\u010dno povezanost na\u0161e skupnosti in dobro sodelovanje med vrtcem ter star\u0161i. Z organizacijo in potekom bazarja smo bile zelo zadovoljne, \u0161e posebej pa nas je razveselil odziv obiskovalcev.<\/p>\n\n\n\n<p>Zbrane prostovoljne prispevke smo prejeli z veliko hvale\u017enostjo, saj so tudi letos presegli na\u0161a pri\u010dakovanja. Del sredstev bo namenjen Skladu vrtca Se\u017eana, drugi del pa bo uporabljen za nakup didakti\u010dnih pripomo\u010dkov, s katerimi bomo obogatili u\u010dne dejavnosti na\u0161ih otrok in izbolj\u0161ali pogoje za igro ter u\u010denje.<\/p>\n\n\n\n<p>Vsem, ki ste kakor koli prispevali k uspehu leto\u0161njega novoletnega bazarja \u2013 obiskom, prostovoljnim prispevkom ali prijazno besedo \u2013 se iskreno zahvaljujemo. Brez va\u0161e podpore dogodka tak\u0161nega obsega in topline ne bi mogli izpeljati.<\/p>\n\n\n\n<p>Naj bo tudi prihodnje leto tako ustvarjalno, povezovalno in polno skupnih do\u017eivetij!<\/p>\n\n\n\n<p>Besedilo: Marjeta Prunk Sluga<\/p>\n\n\n\n<p>Fotografije: Lea Juri\u0161evi\u010d<\/p>\n\n\n\n<div class=\"wp-block-buttons is-layout-flex wp-block-buttons-is-layout-flex\">\n<div class=\"wp-block-button\"><a class=\"wp-block-button__link wp-element-button\" href=\"https:\/\/vrtec-sezana.si\/?page_id=31481\">GALERIJA<\/a><\/div>\n<\/div>\n","protected":false},"excerpt":{"rendered":"<p>Tudi letos smo v enoti Materija uspe\u0161no izpeljali tradicionalni novoletni bazar, ki predstavlja enega najbolj povezovalnih dogodkov v decembru. Otroci, star\u0161i in stari star\u0161i so lahko izbirali med \u0161iroko paleto ro\u010dno izdelanih izdelkov &#8211; vo\u0161\u010dilnice, pi\u0161koti, zeli\u0161\u010dni \u010daji, novoletni okraski in drugi&#8230;<\/p>\n","protected":false},"author":11,"featured_media":31487,"comment_status":"closed","ping_status":"closed","sticky":false,"template":"","format":"standard","meta":{"footnotes":""},"categories":[16],"tags":[],"jetpack_featured_media_url":"https:\/\/vrtec-sezana.si\/wp-content\/uploads\/2025\/12\/IMG_2409-scaled.jpg","_links":{"self":[{"href":"https:\/\/vrtec-sezana.si\/index.php?rest_route=\/wp\/v2\/posts\/31498"}],"collection":[{"href":"https:\/\/vrtec-sezana.si\/index.php?rest_route=\/wp\/v2\/posts"}],"about":[{"href":"https:\/\/vrtec-sezana.si\/index.php?rest_route=\/wp\/v2\/types\/post"}],"author":[{"embeddable":true,"href":"https:\/\/vrtec-sezana.si\/index.php?rest_route=\/wp\/v2\/users\/11"}],"replies":[{"embeddable":true,"href":"https:\/\/vrtec-sezana.si\/index.php?rest_route=%2Fwp%2Fv2%2Fcomments&post=31498"}],"version-history":[{"count":1,"href":"https:\/\/vrtec-sezana.si\/index.php?rest_route=\/wp\/v2\/posts\/31498\/revisions"}],"predecessor-version":[{"id":31499,"href":"https:\/\/vrtec-sezana.si\/index.php?rest_route=\/wp\/v2\/posts\/31498\/revisions\/31499"}],"wp:featuredmedia":[{"embeddable":true,"href":"https:\/\/vrtec-sezana.si\/index.php?rest_route=\/wp\/v2\/media\/31487"}],"wp:attachment":[{"href":"https:\/\/vrtec-sezana.si\/index.php?rest_route=%2Fwp%2Fv2%2Fmedia&parent=31498"}],"wp:term":[{"taxonomy":"category","embeddable":true,"href":"https:\/\/vrtec-sezana.si\/index.php?rest_route=%2Fwp%2Fv2%2Fcategories&post=31498"},{"taxonomy":"post_tag","embeddable":true,"href":"https:\/\/vrtec-sezana.si\/index.php?rest_route=%2Fwp%2Fv2%2Ftags&post=31498"}],"curies":[{"name":"wp","href":"https:\/\/api.w.org\/{rel}","templated":true}]}}