{"id":31456,"date":"2025-12-09T21:54:02","date_gmt":"2025-12-09T20:54:02","guid":{"rendered":"https:\/\/vrtec-sezana.si\/?p=31456"},"modified":"2025-12-09T21:54:02","modified_gmt":"2025-12-09T20:54:02","slug":"skrat-vilko-in-kameleoncki","status":"publish","type":"post","link":"https:\/\/vrtec-sezana.si\/?p=31456","title":{"rendered":"\u0160krat Vilko in Kameleon\u010dki"},"content":{"rendered":"\n<p>Ojoj, pa je spet bil na delu \u0161krat Kuzma in ponagajal \u0161kratu pismono\u0161i. Pome\u0161al je njegovo po\u0161to in jo poslal h Kameleon\u010dkom v Se\u017eano. Sedaj otroci po Svetu ne bodo izpolnili nalog, ne bodo se mogli nau\u010diti pesmic, ne bodo poznali \u0161kratovskih pravil &#8230; Ojojoj &#8230; Kameleon\u010dki, na pomo\u010d!<\/p>\n\n\n\n<p>Tako se je pri\u010del teden pri Kameleon\u010dkih. Seveda smo \u0161kratu Vilkotu takoj prisko\u010dili na pomo\u010d. Prebrali smo pisma, naloge, obvestila, ki so bila v zelo razli\u010dnih jezikih. Posku\u0161ali smo razvozlati kam spada posamezno pismo. Pri tem sta nam pomagali Sa\u0161a in Sabina. Pisma so bila s celega Sveta. Odli\u010dili smo se, da jih pripnemo na zemlejvid, pripisali nanje dr\u017eave in tako jih je po\u0161tarski \u0161krat lahko ponovno pravilno dostavil.<\/p>\n\n\n\n<p>V zahvalo nam je \u0161krat Vilko pripravil veliko zabavnih nalog za ves December.<\/p>\n\n\n\n<p>Ta teden smo spoznali Vilkotova pravila in naloge:<\/p>\n\n\n\n<ol>\n<li><em>Vsako jutro me poi\u0161\u010di.<\/em><\/li>\n<\/ol>\n\n\n\n<p><em>2. P<\/em><em>rosim,da se me ne dotika\u0161, ker bom \u010de ne izgubil svojo \u010darobno mo\u010d.<\/em><\/p>\n\n\n\n<p><em>3. N<\/em><em>e morem govoriti, zato pa zelo dobro poslu\u0161am.<\/em><\/p>\n\n\n\n<p><em>4. V<\/em><em>sak ve\u0161er poro\u010dam Miklav\u017eu, Bo\u017ei\u010dku in dedku Mrazu.<\/em><\/p>\n\n\n\n<p><em>5. Bodi prijazen do vseh.<\/em><\/p>\n\n\n\n<p><em>6. Pogovarjaj se z mano.<\/em><\/p>\n\n\n\n<p><em>7. Pomagaj mi deliti prijaznost.<\/em><\/p>\n\n\n\n<p>V pogovoru smo ugotovili, kaj je prijaznost in tako lahko Vilkotu pomagamo prijaznost deliti. Izdelali smo na\u010drt krasitve igralnice, postavili in okrasili kar dve novoletni jelki \u2013 v igralnici in na hodniku, plesali ob klasi\u010dni glasbi, vsako jutro iskali \u0161krata, postavili koti\u010dek, brali pravljice \u2013 tudi take brez besedila in po\u010deli \u0161e veliko zabavih stavri. V petek smo oddali \u0161kratovska poro\u010dila in \u010disto vsi smo dobili oznako <em>priden\/pridna.<\/em><\/p>\n\n\n\n<p>Kako smo se imeli ta teden, si poglejte v galeriji fotografij.<\/p>\n\n\n\n<p>Besedilo: Sabina Vla\u0161i\u0107<\/p>\n\n\n\n<p>Fotografije: Sabina Vla\u0161i\u0107<\/p>\n\n\n\n<div class=\"wp-block-buttons is-layout-flex wp-block-buttons-is-layout-flex\">\n<div class=\"wp-block-button\"><a class=\"wp-block-button__link wp-element-button\" href=\"https:\/\/vrtec-sezana.si\/?page_id=31410\">GALERIJA<\/a><\/div>\n<\/div>\n","protected":false},"excerpt":{"rendered":"<p>Ojoj, pa je spet bil na delu \u0161krat Kuzma in ponagajal \u0161kratu pismono\u0161i. Pome\u0161al je njegovo po\u0161to in jo poslal h Kameleon\u010dkom v Se\u017eano. Sedaj otroci po Svetu ne bodo izpolnili nalog, ne bodo se mogli nau\u010diti pesmic, ne bodo poznali \u0161kratovskih&#8230;<\/p>\n","protected":false},"author":20,"featured_media":31439,"comment_status":"closed","ping_status":"closed","sticky":false,"template":"","format":"standard","meta":{"footnotes":""},"categories":[8],"tags":[],"jetpack_featured_media_url":"https:\/\/vrtec-sezana.si\/wp-content\/uploads\/2025\/12\/20251203_074054-scaled.jpg","_links":{"self":[{"href":"https:\/\/vrtec-sezana.si\/index.php?rest_route=\/wp\/v2\/posts\/31456"}],"collection":[{"href":"https:\/\/vrtec-sezana.si\/index.php?rest_route=\/wp\/v2\/posts"}],"about":[{"href":"https:\/\/vrtec-sezana.si\/index.php?rest_route=\/wp\/v2\/types\/post"}],"author":[{"embeddable":true,"href":"https:\/\/vrtec-sezana.si\/index.php?rest_route=\/wp\/v2\/users\/20"}],"replies":[{"embeddable":true,"href":"https:\/\/vrtec-sezana.si\/index.php?rest_route=%2Fwp%2Fv2%2Fcomments&post=31456"}],"version-history":[{"count":1,"href":"https:\/\/vrtec-sezana.si\/index.php?rest_route=\/wp\/v2\/posts\/31456\/revisions"}],"predecessor-version":[{"id":31458,"href":"https:\/\/vrtec-sezana.si\/index.php?rest_route=\/wp\/v2\/posts\/31456\/revisions\/31458"}],"wp:featuredmedia":[{"embeddable":true,"href":"https:\/\/vrtec-sezana.si\/index.php?rest_route=\/wp\/v2\/media\/31439"}],"wp:attachment":[{"href":"https:\/\/vrtec-sezana.si\/index.php?rest_route=%2Fwp%2Fv2%2Fmedia&parent=31456"}],"wp:term":[{"taxonomy":"category","embeddable":true,"href":"https:\/\/vrtec-sezana.si\/index.php?rest_route=%2Fwp%2Fv2%2Fcategories&post=31456"},{"taxonomy":"post_tag","embeddable":true,"href":"https:\/\/vrtec-sezana.si\/index.php?rest_route=%2Fwp%2Fv2%2Ftags&post=31456"}],"curies":[{"name":"wp","href":"https:\/\/api.w.org\/{rel}","templated":true}]}}