{"id":31391,"date":"2025-12-09T19:15:51","date_gmt":"2025-12-09T18:15:51","guid":{"rendered":"https:\/\/vrtec-sezana.si\/?p=31391"},"modified":"2025-12-09T19:15:52","modified_gmt":"2025-12-09T18:15:52","slug":"tacke-pomagacke-na-obisku","status":"publish","type":"post","link":"https:\/\/vrtec-sezana.si\/?p=31391","title":{"rendered":"Ta\u010dke pomaga\u010dke na obisku"},"content":{"rendered":"\n<p>V na\u0161i skupini smo imeli prisr\u010den obisk. Obiskali sta nas terapevtska psi\u010dka Pikica in njena vodnica Andreja, ki delujeta v okviru programa Ta\u010dke pomaga\u010dke. Otroci so se Pikice zelo razveselili. Skupaj z Andrejo sta nam pokazali, kako pomembno je, da znamo pravilno pristopiti k psu, ga pobo\u017eati in poskrbeti, da se v na\u0161i bli\u017eini po\u010duti varno in prijetno.<\/p>\n\n\n\n<p>Andreja je pripravila zanimivo igro: otroci so iz vre\u010dke vlekli razli\u010dne predmete, povezane s psi, in skupaj smo ugotavljali, \u010demu so namenjeni. Tako so spoznali pasjo krta\u010do, posodico za hrano, povodec, pasjo igra\u010dko, zobno \u0161\u010detko za pse in \u0161e marsikaj.<\/p>\n\n\n\n<p>Pikica je medtem potrpe\u017eljivo sodelovala, se pustila bo\u017eati in z veseljem pokazala, kako lepo zna poslu\u0161ati svojo vodnico.<\/p>\n\n\n\n<p>Obisk je bil poln topline, veselja in novih znanj o odgovornem ravnanju z \u017eivalmi. Pikici in Andreji se iskreno zahvaljujemo za \u010dudovito do\u017eivetje, ki nam bo \u0161e dolgo ostalo v spominu!<\/p>\n\n\n\n<p>Besedilo: Rok \u017dvab<\/p>\n\n\n\n<p>Fotografije: Rok \u017dvab<\/p>\n\n\n\n<div class=\"wp-block-buttons is-layout-flex wp-block-buttons-is-layout-flex\">\n<div class=\"wp-block-button\"><a class=\"wp-block-button__link wp-element-button\" href=\"https:\/\/vrtec-sezana.si\/?page_id=31390\">GALERIJA<\/a><\/div>\n<\/div>\n","protected":false},"excerpt":{"rendered":"<p>V na\u0161i skupini smo imeli prisr\u010den obisk. Obiskali sta nas terapevtska psi\u010dka Pikica in njena vodnica Andreja, ki delujeta v okviru programa Ta\u010dke pomaga\u010dke. Otroci so se Pikice zelo razveselili. Skupaj z Andrejo sta nam pokazali, kako pomembno je, da znamo pravilno&#8230;<\/p>\n","protected":false},"author":31,"featured_media":31392,"comment_status":"closed","ping_status":"closed","sticky":false,"template":"","format":"standard","meta":{"footnotes":""},"categories":[11],"tags":[],"jetpack_featured_media_url":"https:\/\/vrtec-sezana.si\/wp-content\/uploads\/2025\/12\/IMG_20251017_091206-scaled.jpg","_links":{"self":[{"href":"https:\/\/vrtec-sezana.si\/index.php?rest_route=\/wp\/v2\/posts\/31391"}],"collection":[{"href":"https:\/\/vrtec-sezana.si\/index.php?rest_route=\/wp\/v2\/posts"}],"about":[{"href":"https:\/\/vrtec-sezana.si\/index.php?rest_route=\/wp\/v2\/types\/post"}],"author":[{"embeddable":true,"href":"https:\/\/vrtec-sezana.si\/index.php?rest_route=\/wp\/v2\/users\/31"}],"replies":[{"embeddable":true,"href":"https:\/\/vrtec-sezana.si\/index.php?rest_route=%2Fwp%2Fv2%2Fcomments&post=31391"}],"version-history":[{"count":1,"href":"https:\/\/vrtec-sezana.si\/index.php?rest_route=\/wp\/v2\/posts\/31391\/revisions"}],"predecessor-version":[{"id":31408,"href":"https:\/\/vrtec-sezana.si\/index.php?rest_route=\/wp\/v2\/posts\/31391\/revisions\/31408"}],"wp:featuredmedia":[{"embeddable":true,"href":"https:\/\/vrtec-sezana.si\/index.php?rest_route=\/wp\/v2\/media\/31392"}],"wp:attachment":[{"href":"https:\/\/vrtec-sezana.si\/index.php?rest_route=%2Fwp%2Fv2%2Fmedia&parent=31391"}],"wp:term":[{"taxonomy":"category","embeddable":true,"href":"https:\/\/vrtec-sezana.si\/index.php?rest_route=%2Fwp%2Fv2%2Fcategories&post=31391"},{"taxonomy":"post_tag","embeddable":true,"href":"https:\/\/vrtec-sezana.si\/index.php?rest_route=%2Fwp%2Fv2%2Ftags&post=31391"}],"curies":[{"name":"wp","href":"https:\/\/api.w.org\/{rel}","templated":true}]}}