{"id":31377,"date":"2025-12-09T19:12:20","date_gmt":"2025-12-09T18:12:20","guid":{"rendered":"https:\/\/vrtec-sezana.si\/?p=31377"},"modified":"2025-12-09T19:12:21","modified_gmt":"2025-12-09T18:12:21","slug":"obisk-cebelarja-v-skupini-lisicke","status":"publish","type":"post","link":"https:\/\/vrtec-sezana.si\/?p=31377","title":{"rendered":"Obisk \u010debelarja v skupini Lisi\u010dke"},"content":{"rendered":"\n<p>Konec meseca septembra smo v na\u0161i skupini gostili \u010debelarja Grozdana Trobca iz \u0160tanjela. S seboj je prinesel opazovalni panj, skozi katerega smo lahko skozi steklene stene opazovali \u010debele pri njihovem delu. Tokrat beseda ni tekla o \u010debeljih pridelkih, temve\u010d o \u010debelji dru\u017eini in njenih \u010dlanih. Spoznali smo, kdo vse \u017eivi v panju ter kak\u0161ne naloge imajo matica, troti in delavke.<\/p>\n\n\n\n<p>Ob koncu sre\u010danja je \u010debelar pripravil \u0161e nekaj \u00bbnagradnih\u00ab vpra\u0161anj. Ker so otroci pozorno poslu\u0161ali, so na vpra\u0161anja znali pravilno odgovoriti.<\/p>\n\n\n\n<p>\u010cebelarju Trobcu se \u0161e enkrat zahvaljujemo za obisk.<\/p>\n\n\n\n<p>Besedilo: Rok \u017dvab<\/p>\n\n\n\n<p>Fotografije: Rok \u017dvab<\/p>\n\n\n\n<div class=\"wp-block-buttons is-layout-flex wp-block-buttons-is-layout-flex\">\n<div class=\"wp-block-button\"><a class=\"wp-block-button__link wp-element-button\" href=\"https:\/\/vrtec-sezana.si\/?page_id=31376\">GALERIJA<\/a><\/div>\n<\/div>\n","protected":false},"excerpt":{"rendered":"<p>Konec meseca septembra smo v na\u0161i skupini gostili \u010debelarja Grozdana Trobca iz \u0160tanjela. S seboj je prinesel opazovalni panj, skozi katerega smo lahko skozi steklene stene opazovali \u010debele pri njihovem delu. Tokrat beseda ni tekla o \u010debeljih pridelkih, temve\u010d o \u010debelji dru\u017eini&#8230;<\/p>\n","protected":false},"author":31,"featured_media":31383,"comment_status":"closed","ping_status":"closed","sticky":false,"template":"","format":"standard","meta":{"footnotes":""},"categories":[11],"tags":[],"jetpack_featured_media_url":"https:\/\/vrtec-sezana.si\/wp-content\/uploads\/2025\/12\/IMG_20250925_092202-scaled.jpg","_links":{"self":[{"href":"https:\/\/vrtec-sezana.si\/index.php?rest_route=\/wp\/v2\/posts\/31377"}],"collection":[{"href":"https:\/\/vrtec-sezana.si\/index.php?rest_route=\/wp\/v2\/posts"}],"about":[{"href":"https:\/\/vrtec-sezana.si\/index.php?rest_route=\/wp\/v2\/types\/post"}],"author":[{"embeddable":true,"href":"https:\/\/vrtec-sezana.si\/index.php?rest_route=\/wp\/v2\/users\/31"}],"replies":[{"embeddable":true,"href":"https:\/\/vrtec-sezana.si\/index.php?rest_route=%2Fwp%2Fv2%2Fcomments&post=31377"}],"version-history":[{"count":1,"href":"https:\/\/vrtec-sezana.si\/index.php?rest_route=\/wp\/v2\/posts\/31377\/revisions"}],"predecessor-version":[{"id":31389,"href":"https:\/\/vrtec-sezana.si\/index.php?rest_route=\/wp\/v2\/posts\/31377\/revisions\/31389"}],"wp:featuredmedia":[{"embeddable":true,"href":"https:\/\/vrtec-sezana.si\/index.php?rest_route=\/wp\/v2\/media\/31383"}],"wp:attachment":[{"href":"https:\/\/vrtec-sezana.si\/index.php?rest_route=%2Fwp%2Fv2%2Fmedia&parent=31377"}],"wp:term":[{"taxonomy":"category","embeddable":true,"href":"https:\/\/vrtec-sezana.si\/index.php?rest_route=%2Fwp%2Fv2%2Fcategories&post=31377"},{"taxonomy":"post_tag","embeddable":true,"href":"https:\/\/vrtec-sezana.si\/index.php?rest_route=%2Fwp%2Fv2%2Ftags&post=31377"}],"curies":[{"name":"wp","href":"https:\/\/api.w.org\/{rel}","templated":true}]}}