{"id":31343,"date":"2025-12-09T06:47:53","date_gmt":"2025-12-09T05:47:53","guid":{"rendered":"https:\/\/vrtec-sezana.si\/?p=31343"},"modified":"2025-12-09T06:48:30","modified_gmt":"2025-12-09T05:48:30","slug":"kako-smo-v-skupini-lisicke-kuhali-marmelado","status":"publish","type":"post","link":"https:\/\/vrtec-sezana.si\/?p=31343","title":{"rendered":"Kako smo v skupini Lisi\u010dke kuhali marmelado"},"content":{"rendered":"\n<p class=\"has-text-align-center\">Anja \u0160tefan: Marmelada<\/p>\n\n\n\n<p class=\"has-text-align-center\">Tri sladke, mehke hru\u0161kice,<\/p>\n\n\n\n<p class=\"has-text-align-center\">tri hru\u0161kice di\u0161e\u010de,<\/p>\n\n\n\n<p class=\"has-text-align-center\">je je\u017e povezal v culico<\/p>\n\n\n\n<p class=\"has-text-align-center\">in zdaj domov jo vle\u010de.<\/p>\n\n\n\n<p class=\"has-text-align-center\">\u010cez kamen\u010dke, \u010dez vejice<\/p>\n\n\n\n<p class=\"has-text-align-center\">in \u010dez bodi\u010dje mlado:<\/p>\n\n\n\n<p class=\"has-text-align-center\">doma razve\u017ee culico<\/p>\n\n\n\n<p class=\"has-text-align-center\">in najde \u2013 marmelado.<\/p>\n\n\n\n<p class=\"has-text-align-left\">V na\u0161i skupini smo si zadali pravcati kuharski podvig. Preizkusili smo se v pripravi doma\u010de hru\u0161kove marmelade. Najprej smo se usedli v krog in se pogovorili o sestavinah in pripomo\u010dkih, ki jih potrebujemo za dana\u0161nje opravilo, nato smo si \u0161li vsi dobro umit roke. Odrasli v skupini smo pripravili in o\u010distili mize ter vsakemu otroku pripravili plitev kro\u017enik in no\u017e. Na kro\u017enike smo jim polagali dele o\u010di\u0161\u010denih hru\u0161k, ki so jih otroci rezali na manj\u0161e ko\u0161\u010dke.<br>Ko so bile hru\u0161ke drobno narezane, so jih otroci stresli v velik lonec, v katerem so se hru\u0161ke nato kuhale. Otroci so vestno me\u0161ali, da se hru\u0161ke ne bi prismodile. Pri\u0161el je \u010das pasiranja in otroci so se radi preizkusili tudi v tem, tako da je marmelada hitro postala gladka. Dodali smo sladkor in opazovali, kako se raztaplja. Po vrtcu se je raz\u0161iril omamen vonj po hru\u0161kah in vsi smo komaj \u010dakali, da jo poskusimo.<br>Ko se je marmelada ohladila, smo si jo namazali na kos kruha in jo z u\u017eitkom pojedli. Otroci so bili navdu\u0161eni, da so marmelado pripravili \u010disto sami, in ko je bila \u010dez nekaj dni za malico marmelada, so spra\u0161evali: \u00bbMa, a to marmelado smo tudi napravili mi?\u00ab<\/p>\n\n\n\n<p>Besedilo: Rok \u017dvab<\/p>\n\n\n\n<p>Fotografije: Rok \u017dvab<\/p>\n\n\n\n<div class=\"wp-block-buttons is-layout-flex wp-block-buttons-is-layout-flex\">\n<div class=\"wp-block-button\"><a class=\"wp-block-button__link wp-element-button\" href=\"https:\/\/vrtec-sezana.si\/?page_id=31345\">GALERIJA<\/a><\/div>\n<\/div>\n","protected":false},"excerpt":{"rendered":"<p>Anja \u0160tefan: Marmelada Tri sladke, mehke hru\u0161kice, tri hru\u0161kice di\u0161e\u010de, je je\u017e povezal v culico in zdaj domov jo vle\u010de. \u010cez kamen\u010dke, \u010dez vejice in \u010dez bodi\u010dje mlado: doma razve\u017ee culico in najde \u2013 marmelado. V na\u0161i skupini smo si zadali pravcati&#8230;<\/p>\n","protected":false},"author":31,"featured_media":31373,"comment_status":"closed","ping_status":"closed","sticky":false,"template":"","format":"standard","meta":{"footnotes":""},"categories":[11],"tags":[],"jetpack_featured_media_url":"https:\/\/vrtec-sezana.si\/wp-content\/uploads\/2025\/12\/Izdelek-brez-naslova.png","_links":{"self":[{"href":"https:\/\/vrtec-sezana.si\/index.php?rest_route=\/wp\/v2\/posts\/31343"}],"collection":[{"href":"https:\/\/vrtec-sezana.si\/index.php?rest_route=\/wp\/v2\/posts"}],"about":[{"href":"https:\/\/vrtec-sezana.si\/index.php?rest_route=\/wp\/v2\/types\/post"}],"author":[{"embeddable":true,"href":"https:\/\/vrtec-sezana.si\/index.php?rest_route=\/wp\/v2\/users\/31"}],"replies":[{"embeddable":true,"href":"https:\/\/vrtec-sezana.si\/index.php?rest_route=%2Fwp%2Fv2%2Fcomments&post=31343"}],"version-history":[{"count":2,"href":"https:\/\/vrtec-sezana.si\/index.php?rest_route=\/wp\/v2\/posts\/31343\/revisions"}],"predecessor-version":[{"id":31375,"href":"https:\/\/vrtec-sezana.si\/index.php?rest_route=\/wp\/v2\/posts\/31343\/revisions\/31375"}],"wp:featuredmedia":[{"embeddable":true,"href":"https:\/\/vrtec-sezana.si\/index.php?rest_route=\/wp\/v2\/media\/31373"}],"wp:attachment":[{"href":"https:\/\/vrtec-sezana.si\/index.php?rest_route=%2Fwp%2Fv2%2Fmedia&parent=31343"}],"wp:term":[{"taxonomy":"category","embeddable":true,"href":"https:\/\/vrtec-sezana.si\/index.php?rest_route=%2Fwp%2Fv2%2Fcategories&post=31343"},{"taxonomy":"post_tag","embeddable":true,"href":"https:\/\/vrtec-sezana.si\/index.php?rest_route=%2Fwp%2Fv2%2Ftags&post=31343"}],"curies":[{"name":"wp","href":"https:\/\/api.w.org\/{rel}","templated":true}]}}