{"id":31311,"date":"2025-12-08T12:28:19","date_gmt":"2025-12-08T11:28:19","guid":{"rendered":"https:\/\/vrtec-sezana.si\/?p=31311"},"modified":"2025-12-08T12:28:19","modified_gmt":"2025-12-08T11:28:19","slug":"jesen-pri-medvedkih-2","status":"publish","type":"post","link":"https:\/\/vrtec-sezana.si\/?p=31311","title":{"rendered":"Jesen pri Medvedkih"},"content":{"rendered":"\n<p>Medvedki smo septembra pogumno zakorakali v vrtec ter za\u010deli spoznavati nove prijatelje, igra\u010de in vzgojiteljice. Z velikim zanimanjem smo poprijeli tudi za \u010dopi\u010de in barve, ki so nas vse navdu\u0161ile. Ob prihodu jeseni smo z radovednostjo opazovali jesenske plodove in pisane listke, jih tipali, vonjali in raziskovali na razli\u010dne na\u010dine. Oktober smo pozdravili s tednom otroka v katerem smo se veliko dru\u017eili, telovadili, plesali in rajali. V novembru pa smo spoznavali doma\u010de \u017eivali in za zaklju\u010dek obelele\u017eili tradicionalni slovenski zajtrk.<\/p>\n\n\n\n<p>Veliko \u010dasa smo pre\u017eiveli na na\u0161i terasi, kjer smo se igrali, razvijali svoje gibalne spretnosti in skupaj raziskovali svet okoli sebe. Vsak dan smo bogatili izku\u0161nje s pesmicami, gibanjem in razli\u010dnimi senzori\u010dnimi dejavnostmi. Jesen je tako pri Medvedkih minila v igri, smehu, toplih objemih in prvih skupnih do\u017eivetjih.<\/p>\n\n\n\n<p>\u00a0Besedilo: Veronika Blazeti\u010d<\/p>\n\n\n\n<p>Fotografije: arhiv oddelka<\/p>\n\n\n\n<p><\/p>\n\n\n\n<p><\/p>\n\n\n\n<div class=\"wp-block-buttons is-layout-flex wp-block-buttons-is-layout-flex\">\n<div class=\"wp-block-button\"><a class=\"wp-block-button__link wp-element-button\" href=\"https:\/\/vrtec-sezana.si\/?page_id=31291\">GALERIJA<\/a><\/div>\n<\/div>\n","protected":false},"excerpt":{"rendered":"<p>Medvedki smo septembra pogumno zakorakali v vrtec ter za\u010deli spoznavati nove prijatelje, igra\u010de in vzgojiteljice. Z velikim zanimanjem smo poprijeli tudi za \u010dopi\u010de in barve, ki so nas vse navdu\u0161ile. Ob prihodu jeseni smo z radovednostjo opazovali jesenske plodove in pisane listke,&#8230;<\/p>\n","protected":false},"author":35,"featured_media":31309,"comment_status":"closed","ping_status":"closed","sticky":false,"template":"","format":"standard","meta":{"footnotes":""},"categories":[10],"tags":[],"jetpack_featured_media_url":"https:\/\/vrtec-sezana.si\/wp-content\/uploads\/2025\/12\/Posnetek-zaslona-2025-12-08-122639.jpg","_links":{"self":[{"href":"https:\/\/vrtec-sezana.si\/index.php?rest_route=\/wp\/v2\/posts\/31311"}],"collection":[{"href":"https:\/\/vrtec-sezana.si\/index.php?rest_route=\/wp\/v2\/posts"}],"about":[{"href":"https:\/\/vrtec-sezana.si\/index.php?rest_route=\/wp\/v2\/types\/post"}],"author":[{"embeddable":true,"href":"https:\/\/vrtec-sezana.si\/index.php?rest_route=\/wp\/v2\/users\/35"}],"replies":[{"embeddable":true,"href":"https:\/\/vrtec-sezana.si\/index.php?rest_route=%2Fwp%2Fv2%2Fcomments&post=31311"}],"version-history":[{"count":1,"href":"https:\/\/vrtec-sezana.si\/index.php?rest_route=\/wp\/v2\/posts\/31311\/revisions"}],"predecessor-version":[{"id":31312,"href":"https:\/\/vrtec-sezana.si\/index.php?rest_route=\/wp\/v2\/posts\/31311\/revisions\/31312"}],"wp:featuredmedia":[{"embeddable":true,"href":"https:\/\/vrtec-sezana.si\/index.php?rest_route=\/wp\/v2\/media\/31309"}],"wp:attachment":[{"href":"https:\/\/vrtec-sezana.si\/index.php?rest_route=%2Fwp%2Fv2%2Fmedia&parent=31311"}],"wp:term":[{"taxonomy":"category","embeddable":true,"href":"https:\/\/vrtec-sezana.si\/index.php?rest_route=%2Fwp%2Fv2%2Fcategories&post=31311"},{"taxonomy":"post_tag","embeddable":true,"href":"https:\/\/vrtec-sezana.si\/index.php?rest_route=%2Fwp%2Fv2%2Ftags&post=31311"}],"curies":[{"name":"wp","href":"https:\/\/api.w.org\/{rel}","templated":true}]}}