{"id":31250,"date":"2025-12-05T12:29:20","date_gmt":"2025-12-05T11:29:20","guid":{"rendered":"https:\/\/vrtec-sezana.si\/?p=31250"},"modified":"2025-12-05T12:29:20","modified_gmt":"2025-12-05T11:29:20","slug":"priprava-sipkovega-caja-v-skupini-zelvice","status":"publish","type":"post","link":"https:\/\/vrtec-sezana.si\/?p=31250","title":{"rendered":"Priprava \u0161ipkovega \u010daja v skupini \u017delvice"},"content":{"rendered":"\n<p>V \u010detrtek, 20. novembra 2025, smo se pred tradicionalnim slovenskim zajtrkom lotili priprave doma\u010dega \u0161ipkovega \u010daja. Najprej smo skupaj opazovali in tipali \u0161ipek, ki smo ga predhodno nabrali. Otroci so si podrobno ogledali sve\u017ee plodove in opazovali, kako se \u0161ipek su\u0161i: kako se po\u010dasi guba, trdi in spreminja barvo.<\/p>\n\n\n\n<p>Ko smo zavreli vodo, smo vanjo dodali pripravljen in posu\u0161en \u0161ipek. Medtem ko se je \u010daj pripravljal, so otroci sami stiskali limono in njen sok pripravili za kasnej\u0161i dodatek v \u010daj. Otroci so povohali sve\u017ee in suhe plodove \u0161ipka.<\/p>\n\n\n\n<p>Ko je bil \u010daj pripravljen, smo ga prelili v skodelice in mu dodali sve\u017ee iztisnjen limonin sok ter nekaj medu. Seveda smo poskusili tudi \u0161ipkov \u010daj, ki smo ga pripravili. Otroci so ob tem spoznavali vonj, okus in toplino sve\u017ee pripravljenega \u010daja z vonjem, okusom in dotikom.<\/p>\n\n\n\n<p>\u00a0Besedilo: Tina Babuder<\/p>\n\n\n\n<p>Fotografije: arhiv oddelka<\/p>\n\n\n\n<p><\/p>\n\n\n\n<p><\/p>\n\n\n\n<div class=\"wp-block-buttons is-layout-flex wp-block-buttons-is-layout-flex\">\n<div class=\"wp-block-button\"><a class=\"wp-block-button__link wp-element-button\" href=\"https:\/\/vrtec-sezana.si\/?page_id=31228\">GALERIJA<\/a><\/div>\n<\/div>\n","protected":false},"excerpt":{"rendered":"<p>V \u010detrtek, 20. novembra 2025, smo se pred tradicionalnim slovenskim zajtrkom lotili priprave doma\u010dega \u0161ipkovega \u010daja. Najprej smo skupaj opazovali in tipali \u0161ipek, ki smo ga predhodno nabrali. Otroci so si podrobno ogledali sve\u017ee plodove in opazovali, kako se \u0161ipek su\u0161i: kako&#8230;<\/p>\n","protected":false},"author":35,"featured_media":31229,"comment_status":"closed","ping_status":"closed","sticky":false,"template":"","format":"standard","meta":{"footnotes":""},"categories":[10],"tags":[],"jetpack_featured_media_url":"https:\/\/vrtec-sezana.si\/wp-content\/uploads\/2025\/12\/SIPEK-NAVADNI-scaled-e1646263706793.webp","_links":{"self":[{"href":"https:\/\/vrtec-sezana.si\/index.php?rest_route=\/wp\/v2\/posts\/31250"}],"collection":[{"href":"https:\/\/vrtec-sezana.si\/index.php?rest_route=\/wp\/v2\/posts"}],"about":[{"href":"https:\/\/vrtec-sezana.si\/index.php?rest_route=\/wp\/v2\/types\/post"}],"author":[{"embeddable":true,"href":"https:\/\/vrtec-sezana.si\/index.php?rest_route=\/wp\/v2\/users\/35"}],"replies":[{"embeddable":true,"href":"https:\/\/vrtec-sezana.si\/index.php?rest_route=%2Fwp%2Fv2%2Fcomments&post=31250"}],"version-history":[{"count":1,"href":"https:\/\/vrtec-sezana.si\/index.php?rest_route=\/wp\/v2\/posts\/31250\/revisions"}],"predecessor-version":[{"id":31251,"href":"https:\/\/vrtec-sezana.si\/index.php?rest_route=\/wp\/v2\/posts\/31250\/revisions\/31251"}],"wp:featuredmedia":[{"embeddable":true,"href":"https:\/\/vrtec-sezana.si\/index.php?rest_route=\/wp\/v2\/media\/31229"}],"wp:attachment":[{"href":"https:\/\/vrtec-sezana.si\/index.php?rest_route=%2Fwp%2Fv2%2Fmedia&parent=31250"}],"wp:term":[{"taxonomy":"category","embeddable":true,"href":"https:\/\/vrtec-sezana.si\/index.php?rest_route=%2Fwp%2Fv2%2Fcategories&post=31250"},{"taxonomy":"post_tag","embeddable":true,"href":"https:\/\/vrtec-sezana.si\/index.php?rest_route=%2Fwp%2Fv2%2Ftags&post=31250"}],"curies":[{"name":"wp","href":"https:\/\/api.w.org\/{rel}","templated":true}]}}