{"id":31226,"date":"2025-12-05T12:15:27","date_gmt":"2025-12-05T11:15:27","guid":{"rendered":"https:\/\/vrtec-sezana.si\/?p=31226"},"modified":"2025-12-05T12:15:27","modified_gmt":"2025-12-05T11:15:27","slug":"priprava-kompota-v-skupini-metuljcki","status":"publish","type":"post","link":"https:\/\/vrtec-sezana.si\/?p=31226","title":{"rendered":"Priprava kompota v skupini Metulj\u010dki"},"content":{"rendered":"\n<p>Tretji teden v novembru po vsej Sloveniji obele\u017eujemo teden slovenske hrane, ko \u0161e posebej poudarjamo pomen doma\u010dih jedi in lokalno pridelanih \u017eivil. <\/p>\n\n\n\n<p>V skupini Metulj\u010dki smo si ta teden popestrili s prijetno dejavnostjo \u2013 skupaj z otroki smo pripravili doma\u010d sadni kompot iz slovenskih jabolk in hru\u0161k. Po zajtrku smo pripravili lonec, deski, sadje in otro\u0161ke no\u017ee za varno rezanje. Otroci so si najprej temeljito umili roke, nato pa so pri mizi z veliko zavzetostjo in veseljem rezali sadje na majhne ko\u0161\u010dke. Seveda je kak\u0161en ko\u0161\u010dek med delom na\u0161el pot tudi v njihova usta.<\/p>\n\n\n\n<p>Ko smo narezano sadje stresli v lonec in prilili vodo, smo opazili zanimiv naravoslovni pojav \u2013 jabolka, ki plavajo na vodi. Otroci so radovedno komentirali dogajanje in opazovali, kaj se zgodi, ko jih poskusimo potopiti. Nato smo lonec odnesli v kuhinjo in kuharico prijazno prosili, naj nam skuha kompot.<\/p>\n\n\n\n<p>Do dopoldanske malice je bil kompot \u017ee kuhan in pripravljen za poku\u0161ino. Otroci so ga z veseljem pri\u010dakovali. Otroci so sedli k mizi ter z u\u017eitkom jedli kuhano sadje in pili di\u0161e\u010d kompot, saj so vedeli, da so k njegovi pripravi prispevali tudi sami. Dejavnost je bila prijetna prilo\u017enost za spoznavanje lokalnih \u017eivil, razvijanje samostojnosti in spodbujanje pozitivnega odnosa do zdrave prehrane.<\/p>\n\n\n\n<p>\u00a0Besedilo: Monika Samec<\/p>\n\n\n\n<p>Fotografije: arhiv oddelka<\/p>\n\n\n\n<p><\/p>\n\n\n\n<p><\/p>\n\n\n\n<div class=\"wp-block-buttons is-layout-flex wp-block-buttons-is-layout-flex\">\n<div class=\"wp-block-button\"><a class=\"wp-block-button__link wp-element-button\" href=\"https:\/\/vrtec-sezana.si\/?page_id=31213\">GALERIJA<\/a><\/div>\n<\/div>\n","protected":false},"excerpt":{"rendered":"<p>Tretji teden v novembru po vsej Sloveniji obele\u017eujemo teden slovenske hrane, ko \u0161e posebej poudarjamo pomen doma\u010dih jedi in lokalno pridelanih \u017eivil. V skupini Metulj\u010dki smo si ta teden popestrili s prijetno dejavnostjo \u2013 skupaj z otroki smo pripravili doma\u010d sadni kompot&#8230;<\/p>\n","protected":false},"author":35,"featured_media":31224,"comment_status":"closed","ping_status":"closed","sticky":false,"template":"","format":"standard","meta":{"footnotes":""},"categories":[10],"tags":[],"jetpack_featured_media_url":"https:\/\/vrtec-sezana.si\/wp-content\/uploads\/2025\/12\/Posnetek-zaslona-2025-12-05-121226.jpg","_links":{"self":[{"href":"https:\/\/vrtec-sezana.si\/index.php?rest_route=\/wp\/v2\/posts\/31226"}],"collection":[{"href":"https:\/\/vrtec-sezana.si\/index.php?rest_route=\/wp\/v2\/posts"}],"about":[{"href":"https:\/\/vrtec-sezana.si\/index.php?rest_route=\/wp\/v2\/types\/post"}],"author":[{"embeddable":true,"href":"https:\/\/vrtec-sezana.si\/index.php?rest_route=\/wp\/v2\/users\/35"}],"replies":[{"embeddable":true,"href":"https:\/\/vrtec-sezana.si\/index.php?rest_route=%2Fwp%2Fv2%2Fcomments&post=31226"}],"version-history":[{"count":1,"href":"https:\/\/vrtec-sezana.si\/index.php?rest_route=\/wp\/v2\/posts\/31226\/revisions"}],"predecessor-version":[{"id":31227,"href":"https:\/\/vrtec-sezana.si\/index.php?rest_route=\/wp\/v2\/posts\/31226\/revisions\/31227"}],"wp:featuredmedia":[{"embeddable":true,"href":"https:\/\/vrtec-sezana.si\/index.php?rest_route=\/wp\/v2\/media\/31224"}],"wp:attachment":[{"href":"https:\/\/vrtec-sezana.si\/index.php?rest_route=%2Fwp%2Fv2%2Fmedia&parent=31226"}],"wp:term":[{"taxonomy":"category","embeddable":true,"href":"https:\/\/vrtec-sezana.si\/index.php?rest_route=%2Fwp%2Fv2%2Fcategories&post=31226"},{"taxonomy":"post_tag","embeddable":true,"href":"https:\/\/vrtec-sezana.si\/index.php?rest_route=%2Fwp%2Fv2%2Ftags&post=31226"}],"curies":[{"name":"wp","href":"https:\/\/api.w.org\/{rel}","templated":true}]}}