{"id":31211,"date":"2025-12-05T10:57:33","date_gmt":"2025-12-05T09:57:33","guid":{"rendered":"https:\/\/vrtec-sezana.si\/?p=31211"},"modified":"2025-12-05T10:57:33","modified_gmt":"2025-12-05T09:57:33","slug":"teden-slovenske-hrane-in-tradicionalni-slovenski-zajtrk-v-skupini-zajcki","status":"publish","type":"post","link":"https:\/\/vrtec-sezana.si\/?p=31211","title":{"rendered":"Teden slovenske hrane in Tradicionalni slovenski zajtrk v skupini Zaj\u010dki"},"content":{"rendered":"\n<p>November je mesec ozave\u0161\u010danja na temo zdrave prehrane. V tednu slovenske hrane je poudarek na izbiri lokalne hrane. Pove\u010duje zavedanje in prednosti u\u017eivanja slovenskih \u017eivil, da podpremo doma\u010de kmete in predelovalce. Zdrava prehrana podpira rast, razvoj, u\u010denje in dobro po\u010dutje.<\/p>\n\n\n\n<p>Skozi cel teden smo se z otroki pogovarjali o pridelavi hrane. Od kje prihaja mleko, med in kruh. Ogledali smo si videoposnetke o pridelavi mleka. Iz doma\u010dih jabolk smo si pripravili jabol\u010dni sok in su\u0161ili jabol\u010dne krhlje. Obiskala nas je \u010debelarka Tamara in nam predstavila poklic \u010debelarja. Na koncu smo z navdu\u0161enjem oku\u0161ali med.<\/p>\n\n\n\n<p>Preizkusili smo se tudi v peki kruha. Spoznali smo sestavine, ki jih potrebujemo da nastane kruh ter si ogledali razne videoposnetke. Na dan &nbsp;21. novembra smo v vrtcu obele\u017eili Tradicionalni slovenski zajtrk s poudarkom na slovenski hrani. V kuhinji so nam za malico pripravili mleko, med, maslo in jabolka, ter na\u0161 sve\u017ee pe\u010den kruh. Otroci so bili najbolj navdu\u0161eni nad kruhom. Tako so spoznali, da je hrana \u0161e slaj\u0161a, \u010de si jo sami pripravimo.<\/p>\n\n\n\n<p>Z lastnimi izku\u0161njami in pogovori se tako u\u010dijo in spoznavajo vlogo odnosa do lastne kulture.<\/p>\n\n\n\n<p>Besedilo:&nbsp;Jana Mo\u017ee Kari\u017e<\/p>\n\n\n\n<div class=\"wp-block-buttons is-layout-flex wp-block-buttons-is-layout-flex\">\n<div class=\"wp-block-button\"><a class=\"wp-block-button__link wp-element-button\" href=\"https:\/\/vrtec-sezana.si\/?page_id=31190\">GALERIJA<\/a><\/div>\n<\/div>\n","protected":false},"excerpt":{"rendered":"<p>November je mesec ozave\u0161\u010danja na temo zdrave prehrane. V tednu slovenske hrane je poudarek na izbiri lokalne hrane. Pove\u010duje zavedanje in prednosti u\u017eivanja slovenskih \u017eivil, da podpremo doma\u010de kmete in predelovalce. Zdrava prehrana podpira rast, razvoj, u\u010denje in dobro po\u010dutje. Skozi cel&#8230;<\/p>\n","protected":false},"author":5,"featured_media":31192,"comment_status":"closed","ping_status":"closed","sticky":false,"template":"","format":"standard","meta":{"footnotes":""},"categories":[9],"tags":[],"jetpack_featured_media_url":"https:\/\/vrtec-sezana.si\/wp-content\/uploads\/2025\/12\/IMG_8659cebelar.jpeg","_links":{"self":[{"href":"https:\/\/vrtec-sezana.si\/index.php?rest_route=\/wp\/v2\/posts\/31211"}],"collection":[{"href":"https:\/\/vrtec-sezana.si\/index.php?rest_route=\/wp\/v2\/posts"}],"about":[{"href":"https:\/\/vrtec-sezana.si\/index.php?rest_route=\/wp\/v2\/types\/post"}],"author":[{"embeddable":true,"href":"https:\/\/vrtec-sezana.si\/index.php?rest_route=\/wp\/v2\/users\/5"}],"replies":[{"embeddable":true,"href":"https:\/\/vrtec-sezana.si\/index.php?rest_route=%2Fwp%2Fv2%2Fcomments&post=31211"}],"version-history":[{"count":1,"href":"https:\/\/vrtec-sezana.si\/index.php?rest_route=\/wp\/v2\/posts\/31211\/revisions"}],"predecessor-version":[{"id":31212,"href":"https:\/\/vrtec-sezana.si\/index.php?rest_route=\/wp\/v2\/posts\/31211\/revisions\/31212"}],"wp:featuredmedia":[{"embeddable":true,"href":"https:\/\/vrtec-sezana.si\/index.php?rest_route=\/wp\/v2\/media\/31192"}],"wp:attachment":[{"href":"https:\/\/vrtec-sezana.si\/index.php?rest_route=%2Fwp%2Fv2%2Fmedia&parent=31211"}],"wp:term":[{"taxonomy":"category","embeddable":true,"href":"https:\/\/vrtec-sezana.si\/index.php?rest_route=%2Fwp%2Fv2%2Fcategories&post=31211"},{"taxonomy":"post_tag","embeddable":true,"href":"https:\/\/vrtec-sezana.si\/index.php?rest_route=%2Fwp%2Fv2%2Ftags&post=31211"}],"curies":[{"name":"wp","href":"https:\/\/api.w.org\/{rel}","templated":true}]}}