{"id":31187,"date":"2025-12-04T13:21:11","date_gmt":"2025-12-04T12:21:11","guid":{"rendered":"https:\/\/vrtec-sezana.si\/?p=31187"},"modified":"2025-12-04T13:21:55","modified_gmt":"2025-12-04T12:21:55","slug":"praznicni-bazar","status":"publish","type":"post","link":"https:\/\/vrtec-sezana.si\/?p=31187","title":{"rendered":"Prazni\u010dni bazar"},"content":{"rendered":"\n<p>Na\u0161 prazni\u010dni bazar je tudi letos zdru\u017eil izjemno \u0161tevilo obiskovalcev in ustvaril toplo, skupno vzdu\u0161je. \u017de tretje leto zapored smo presegli pri\u010dakovanja, saj je bazar obiskalo veliko \u0161tevilo dru\u017ein, kar ka\u017ee na mo\u010dno povezanost in predanost skupnih ciljev. Otroci so ponosno predstavili svoje izdelke, obiskovalci pa so s prostovoljnimi prispevki podprli razvoj vrt\u010devskih dejavnosti. Iskrena zahvala star\u0161em, starim star\u0161em in vsem za njihovo prisotnost, energijo in prispevke. Va\u0161a podpora pomembno vpliva na kakovost na\u0161ega okolja in krepi ob\u010dutek skupnosti, ki ga skupaj gradimo iz leta v leto.<\/p>\n\n\n\n<p>Besedilo: Tina Orel<br>Fotografije: arhiv vrtca Lokev<br><br><\/p>\n\n\n\n<p><\/p>\n\n\n\n<div class=\"wp-block-buttons is-layout-flex wp-block-buttons-is-layout-flex\">\n<div class=\"wp-block-button\"><a class=\"wp-block-button__link wp-element-button\" href=\"https:\/\/vrtec-sezana.si\/?page_id=31153\">GALERIJA<\/a><\/div>\n<\/div>\n","protected":false},"excerpt":{"rendered":"<p>Na\u0161 prazni\u010dni bazar je tudi letos zdru\u017eil izjemno \u0161tevilo obiskovalcev in ustvaril toplo, skupno vzdu\u0161je. \u017de tretje leto zapored smo presegli pri\u010dakovanja, saj je bazar obiskalo veliko \u0161tevilo dru\u017ein, kar ka\u017ee na mo\u010dno povezanost in predanost skupnih ciljev. Otroci so ponosno predstavili&#8230;<\/p>\n","protected":false},"author":34,"featured_media":31166,"comment_status":"closed","ping_status":"closed","sticky":false,"template":"","format":"standard","meta":{"footnotes":""},"categories":[13],"tags":[],"jetpack_featured_media_url":"https:\/\/vrtec-sezana.si\/wp-content\/uploads\/2025\/12\/IMG_20251201_174820-scaled.jpg","_links":{"self":[{"href":"https:\/\/vrtec-sezana.si\/index.php?rest_route=\/wp\/v2\/posts\/31187"}],"collection":[{"href":"https:\/\/vrtec-sezana.si\/index.php?rest_route=\/wp\/v2\/posts"}],"about":[{"href":"https:\/\/vrtec-sezana.si\/index.php?rest_route=\/wp\/v2\/types\/post"}],"author":[{"embeddable":true,"href":"https:\/\/vrtec-sezana.si\/index.php?rest_route=\/wp\/v2\/users\/34"}],"replies":[{"embeddable":true,"href":"https:\/\/vrtec-sezana.si\/index.php?rest_route=%2Fwp%2Fv2%2Fcomments&post=31187"}],"version-history":[{"count":2,"href":"https:\/\/vrtec-sezana.si\/index.php?rest_route=\/wp\/v2\/posts\/31187\/revisions"}],"predecessor-version":[{"id":31189,"href":"https:\/\/vrtec-sezana.si\/index.php?rest_route=\/wp\/v2\/posts\/31187\/revisions\/31189"}],"wp:featuredmedia":[{"embeddable":true,"href":"https:\/\/vrtec-sezana.si\/index.php?rest_route=\/wp\/v2\/media\/31166"}],"wp:attachment":[{"href":"https:\/\/vrtec-sezana.si\/index.php?rest_route=%2Fwp%2Fv2%2Fmedia&parent=31187"}],"wp:term":[{"taxonomy":"category","embeddable":true,"href":"https:\/\/vrtec-sezana.si\/index.php?rest_route=%2Fwp%2Fv2%2Fcategories&post=31187"},{"taxonomy":"post_tag","embeddable":true,"href":"https:\/\/vrtec-sezana.si\/index.php?rest_route=%2Fwp%2Fv2%2Ftags&post=31187"}],"curies":[{"name":"wp","href":"https:\/\/api.w.org\/{rel}","templated":true}]}}