{"id":31136,"date":"2025-12-03T20:50:32","date_gmt":"2025-12-03T19:50:32","guid":{"rendered":"https:\/\/vrtec-sezana.si\/?p=31136"},"modified":"2025-12-03T21:26:07","modified_gmt":"2025-12-03T20:26:07","slug":"mesec-november-v-skupini-zelvice","status":"publish","type":"post","link":"https:\/\/vrtec-sezana.si\/?p=31136","title":{"rendered":"Mesec november v skupini \u017delvice"},"content":{"rendered":"\n<p>Mesec november je bil namenjen skrbi zase. Usvajali smo znanje o pravilnem umivanju rok, kihanju in brisanju nosu. Saj s tem mo\u010dno pripomoremo k temu, da ostanemo zdravi. Spoznavali smo zdravo in nezdravo hrano. Najprej smo jo poiskali v reklamah, izrezali in nato razvrstili na dva zobka, ki sta ponazarjala zdravo in nezdravo hrano. Otroci so spoznali, da sladkarije in prigrizki niso primerni za vsakodnevno prehrano, saj ne prispevajo k zdravemu na\u010dinu \u017eivljenja. Medse smo povabili tudi medicinski sestri Ano in Nata\u0161o. Ana nam je povedala, kako moramo skrbeti za svoje telo, da ostanemo zdravi. Zelo pomembno je, da si umivamo roke in tudi telo. Nata\u0161a pa nam je povedala, da je za zdravje pomembno tudi, da si redno umivamo zobe. S pomo\u010djo lutke nam je pokazala, kak\u0161no je pravilno umivanje zob. Otroci so nad obiskom bili tako navdu\u0161eni in veseli, da smo si nato tudi sami v igralnici pripravili zdravni\u0161ki koti\u010dek. Bilo je veliko kandidatov, tako za paciente kot za zdravnike, in oboji so super odigrali svojo vlogo, saj na koncu so bili vsi zdravi. Likovno pa smo s pomo\u010djo slamice upodobili bacile. Veliko smo se gibali na sve\u017eem zraku in ob de\u017eevnih dneh se sprehodili po \u010dutni poti.<\/p>\n\n\n\n<p>V tem mesecu smo obele\u017eili tudi Teden slovenske hrane in Tradicionalni slovenski praznik. Na zadnji petek v novembru smo ob zvokih Slakove pesmi \u010cebelar zajtrkovali med, maslo, \u010drn kruh, jabolko in popili skodelico mleka. V ta namen smo iz odpadnega materiala si izdelali \u010debelice, ki so krasile na\u0161o garderobo.<\/p>\n\n\n\n<p>Obiskali smo Kosovelovo sobo. Gospa Mateja nas je sprejela in z radovednostjo smo si ogledali in prisluhnili vse o Sre\u010dku Kosovelu.<\/p>\n\n\n\n<p>Izvedli smo tudi prvo sre\u010danje s star\u0161i. Zbrali smo se pred vrtcem in skupaj smo se sprehodili v bli\u017enji okolici vrtca ob svetilkah, ki so jih otroci izdelali v vrtcu. \u010ceprav je bil ta ve\u010der prvi res mrzel zimski ve\u010der, sta nas svetloba svetilk in dobra dru\u017eba greli, zato smo se imeli zelo lepo.<\/p>\n\n\n\n<p>Gospe Mateji Kralj se zahvaljujemo za zanimivo predstavitev Kosovelove sobe.<\/p>\n\n\n\n<p>Gospema Ani Furlan in Nata\u0161i Arabad\u017ei\u0107\u00a0se iskreno zahvaljujemo za pou\u010den in zabaven obisk.<\/p>\n\n\n\n<p>Besedilo: Mojca Mozeti\u010d<\/p>\n\n\n\n<p>Fotografije: Lara Vrabec in Mojca Mozeti\u010d<\/p>\n\n\n\n<p><\/p>\n\n\n\n<div class=\"wp-block-buttons is-layout-flex wp-block-buttons-is-layout-flex\">\n<div class=\"wp-block-button\"><a class=\"wp-block-button__link wp-element-button\" href=\"https:\/\/vrtec-sezana.si\/?page_id=31111\">GALERIJA<\/a><\/div>\n<\/div>\n","protected":false},"excerpt":{"rendered":"<p>Mesec november je bil namenjen skrbi zase. Usvajali smo znanje o pravilnem umivanju rok, kihanju in brisanju nosu. Saj s tem mo\u010dno pripomoremo k temu, da ostanemo zdravi. Spoznavali smo zdravo in nezdravo hrano. Najprej smo jo poiskali v reklamah, izrezali in&#8230;<\/p>\n","protected":false},"author":16,"featured_media":31137,"comment_status":"closed","ping_status":"closed","sticky":false,"template":"","format":"standard","meta":{"footnotes":""},"categories":[8],"tags":[],"jetpack_featured_media_url":"https:\/\/vrtec-sezana.si\/wp-content\/uploads\/2025\/12\/images-1.jpg","_links":{"self":[{"href":"https:\/\/vrtec-sezana.si\/index.php?rest_route=\/wp\/v2\/posts\/31136"}],"collection":[{"href":"https:\/\/vrtec-sezana.si\/index.php?rest_route=\/wp\/v2\/posts"}],"about":[{"href":"https:\/\/vrtec-sezana.si\/index.php?rest_route=\/wp\/v2\/types\/post"}],"author":[{"embeddable":true,"href":"https:\/\/vrtec-sezana.si\/index.php?rest_route=\/wp\/v2\/users\/16"}],"replies":[{"embeddable":true,"href":"https:\/\/vrtec-sezana.si\/index.php?rest_route=%2Fwp%2Fv2%2Fcomments&post=31136"}],"version-history":[{"count":11,"href":"https:\/\/vrtec-sezana.si\/index.php?rest_route=\/wp\/v2\/posts\/31136\/revisions"}],"predecessor-version":[{"id":31152,"href":"https:\/\/vrtec-sezana.si\/index.php?rest_route=\/wp\/v2\/posts\/31136\/revisions\/31152"}],"wp:featuredmedia":[{"embeddable":true,"href":"https:\/\/vrtec-sezana.si\/index.php?rest_route=\/wp\/v2\/media\/31137"}],"wp:attachment":[{"href":"https:\/\/vrtec-sezana.si\/index.php?rest_route=%2Fwp%2Fv2%2Fmedia&parent=31136"}],"wp:term":[{"taxonomy":"category","embeddable":true,"href":"https:\/\/vrtec-sezana.si\/index.php?rest_route=%2Fwp%2Fv2%2Fcategories&post=31136"},{"taxonomy":"post_tag","embeddable":true,"href":"https:\/\/vrtec-sezana.si\/index.php?rest_route=%2Fwp%2Fv2%2Ftags&post=31136"}],"curies":[{"name":"wp","href":"https:\/\/api.w.org\/{rel}","templated":true}]}}