{"id":31077,"date":"2025-12-03T17:30:36","date_gmt":"2025-12-03T16:30:36","guid":{"rendered":"https:\/\/vrtec-sezana.si\/?p=31077"},"modified":"2025-12-03T17:30:36","modified_gmt":"2025-12-03T16:30:36","slug":"nase-drevo","status":"publish","type":"post","link":"https:\/\/vrtec-sezana.si\/?p=31077","title":{"rendered":"Na\u0161e drevo"},"content":{"rendered":"\n<p>Na\u0161 vrtec \u017ee vrsto let sodeluje v projektu Eko\u0161ola \u2013 kot na\u010din \u017eivljenja. V na\u0161i igralnici smo se letos odlo\u010dili, da postanemo mladi raziskovalci. Na\u0161 cilj je z raziskovanjem pridobivati znanje ter razvijati pozitiven odnos do narave.<\/p>\n\n\n\n<p>Na vrt\u010devskem igri\u0161\u010du imamo veliko drevo, ki otrokom nudi obilo mo\u017enosti za igro. Odlo\u010dili smo se, da ga bomo pobli\u017ee spoznali, ga opazovali in primerjali skozi vse leto. Najve\u010d pozornosti bomo namenili spremljanju njegovih sprememb skozi letne \u010dase.<\/p>\n\n\n\n<p>Pri u\u010denju smo uporabili vsa svoja \u010dutila. Z o\u010dmi smo drevo opazovali, z rokami tipali njegove dele, bo\u017eali lubje in poslu\u0161ali \u0161elestenje listov. Opazili smo, da so se zeleni listi obarvali rumeno, zdaj pa spremljamo, kako jih drevo po\u010dasi izgublja. Kmalu bo postalo povsem golo. Pogovorili smo se, da se to dogaja, ker je k nam pri\u0161la jesen. Drevo odvr\u017ee liste, da si lahko pozimi spo\u010dije in nabere nove mo\u010di za pomladne dni.<\/p>\n\n\n\n<p>Izdelali smo si tudi svoje drevo in tako spoznali njegove dele. Zdaj dobro vemo, da ima drevo mo\u010dne korenine, mogo\u010dno in hrapavo deblo, prekrito z mahom, veliko razvejanih vej \u2013 ve\u010djih in manj\u0161ih \u2013 ter liste.<\/p>\n\n\n\n<p>Na\u0161e drevo nam je ponudilo vejice in listke, s katerimi smo z veseljem ustvarjali in se igrali.<\/p>\n\n\n\n<p>Veliko \u010dasa pre\u017eivimo zunaj, saj nam narava ponuja \u0161tevilne dejavnosti, ki otroke spro\u0161\u010dajo, hkrati pa jim omogo\u010dajo bogato u\u010denje in raziskovanje.<\/p>\n\n\n\n<p>Besedilo : Nata\u0161a Colja<\/p>\n\n\n\n<p>Fotografije : Nata\u0161a Colja in Alenka Budin Vodopivec<\/p>\n\n\n\n<div class=\"wp-block-buttons is-layout-flex wp-block-buttons-is-layout-flex\">\n<div class=\"wp-block-button\"><a class=\"wp-block-button__link wp-element-button\" href=\"https:\/\/vrtec-sezana.si\/?page_id=31055\">GALERIJA<\/a><\/div>\n<\/div>\n","protected":false},"excerpt":{"rendered":"<p>Na\u0161 vrtec \u017ee vrsto let sodeluje v projektu Eko\u0161ola \u2013 kot na\u010din \u017eivljenja. V na\u0161i igralnici smo se letos odlo\u010dili, da postanemo mladi raziskovalci. Na\u0161 cilj je z raziskovanjem pridobivati znanje ter razvijati pozitiven odnos do narave. Na vrt\u010devskem igri\u0161\u010du imamo veliko&#8230;<\/p>\n","protected":false},"author":41,"featured_media":31078,"comment_status":"closed","ping_status":"closed","sticky":false,"template":"","format":"standard","meta":{"footnotes":""},"categories":[15],"tags":[],"jetpack_featured_media_url":"https:\/\/vrtec-sezana.si\/wp-content\/uploads\/2025\/12\/naslovnica-scaled.jpg","_links":{"self":[{"href":"https:\/\/vrtec-sezana.si\/index.php?rest_route=\/wp\/v2\/posts\/31077"}],"collection":[{"href":"https:\/\/vrtec-sezana.si\/index.php?rest_route=\/wp\/v2\/posts"}],"about":[{"href":"https:\/\/vrtec-sezana.si\/index.php?rest_route=\/wp\/v2\/types\/post"}],"author":[{"embeddable":true,"href":"https:\/\/vrtec-sezana.si\/index.php?rest_route=\/wp\/v2\/users\/41"}],"replies":[{"embeddable":true,"href":"https:\/\/vrtec-sezana.si\/index.php?rest_route=%2Fwp%2Fv2%2Fcomments&post=31077"}],"version-history":[{"count":1,"href":"https:\/\/vrtec-sezana.si\/index.php?rest_route=\/wp\/v2\/posts\/31077\/revisions"}],"predecessor-version":[{"id":31079,"href":"https:\/\/vrtec-sezana.si\/index.php?rest_route=\/wp\/v2\/posts\/31077\/revisions\/31079"}],"wp:featuredmedia":[{"embeddable":true,"href":"https:\/\/vrtec-sezana.si\/index.php?rest_route=\/wp\/v2\/media\/31078"}],"wp:attachment":[{"href":"https:\/\/vrtec-sezana.si\/index.php?rest_route=%2Fwp%2Fv2%2Fmedia&parent=31077"}],"wp:term":[{"taxonomy":"category","embeddable":true,"href":"https:\/\/vrtec-sezana.si\/index.php?rest_route=%2Fwp%2Fv2%2Fcategories&post=31077"},{"taxonomy":"post_tag","embeddable":true,"href":"https:\/\/vrtec-sezana.si\/index.php?rest_route=%2Fwp%2Fv2%2Ftags&post=31077"}],"curies":[{"name":"wp","href":"https:\/\/api.w.org\/{rel}","templated":true}]}}