{"id":31044,"date":"2025-12-01T20:57:07","date_gmt":"2025-12-01T19:57:07","guid":{"rendered":"https:\/\/vrtec-sezana.si\/?p=31044"},"modified":"2025-12-01T21:18:14","modified_gmt":"2025-12-01T20:18:14","slug":"jesen-z-otroci-iz-skupine-metulji","status":"publish","type":"post","link":"https:\/\/vrtec-sezana.si\/?p=31044","title":{"rendered":"Jesen z otroki iz skupine Metulji"},"content":{"rendered":"\n<p>V skupini Metulji smo prve mesece veliko pozornosti namenili medsebojni komunikaciji, spoznavanju drug drugega, samostojnosti, ipd. Najpomembneje pa nam je bilo, da se otroci po\u010dutijo varno in sprejeto.<\/p>\n\n\n\n<p>Vklju\u010dili smo se v vse predstavitvene dejavnosti, kot so plesno dru\u0161tvo Mavrica, Poskokec, mini olimpijada, plezanje, nogomet in druge dejavnosti. Presenetila nas je tudi nenapovedana evakuacija, ki smo jo uspe\u0161no izvedli. Prav tako smo imeli tudi jesenski piknik.<\/p>\n\n\n\n<p>V tednu otroka smo se veliko pogovarjali o prijaznosti, kaj pomeni biti prijazen ter kako pomagamo drug drugemu. Spodbujali sva uporabo besed <em>prosim<\/em> in <em>hvala<\/em> ter mirno re\u0161evanje sporov.<\/p>\n\n\n\n<p>V okviru slovenskega tradicionalnega zajtrka smo raziskovali slovenske pridelke in se pogovarjali o tem, kako pridejo s kmetije v trgovino. Skupaj smo skuhali zelo okusen jabol\u010dni kompot.<\/p>\n\n\n\n<p>Veliko \u010dasa smo pre\u017eiveli v naravi, kjer smo opazovali, kako se narava po\u010dasi barva v prave jesenske odtenke. Tudi igri z listjem se nismo mogli upreti. Prav tako smo se odpravili na prvi dalj\u0161i pohod okoli hriba Tabor in ga uspe\u0161no zaklju\u010dili.<\/p>\n\n\n\n<p>Veliko smo peli, brali in ustvarjali. Nastale so \u010dudovite bu\u010de, je\u017eki, odtisi listov, ipd.<\/p>\n\n\n\n<p>Zdaj pa jeseni po\u010dasi mahamo v slovo in \u017ee z zanimanjem pri\u010dakujemo, kaj nam bo prinesla prihajajo\u010da zima. Veselimo se vseh novih do\u017eivetij, iger in toplih trenutkov, ki so pred nami.<\/p>\n\n\n\n<p>Besedilo: Anja Zlosel<\/p>\n\n\n\n<p>Fotografije: Mojca Mo\u017ee \u0160kapin<\/p>\n\n\n\n<div class=\"wp-block-buttons is-layout-flex wp-block-buttons-is-layout-flex\">\n<div class=\"wp-block-button\"><a class=\"wp-block-button__link wp-element-button\" href=\"https:\/\/vrtec-sezana.si\/?page_id=31021\">GALERIJA<\/a><\/div>\n<\/div>\n","protected":false},"excerpt":{"rendered":"<p>V skupini Metulji smo prve mesece veliko pozornosti namenili medsebojni komunikaciji, spoznavanju drug drugega, samostojnosti, ipd. Najpomembneje pa nam je bilo, da se otroci po\u010dutijo varno in sprejeto. Vklju\u010dili smo se v vse predstavitvene dejavnosti, kot so plesno dru\u0161tvo Mavrica, Poskokec, mini&#8230;<\/p>\n","protected":false},"author":20,"featured_media":31030,"comment_status":"closed","ping_status":"closed","sticky":false,"template":"","format":"standard","meta":{"footnotes":""},"categories":[8],"tags":[],"jetpack_featured_media_url":"https:\/\/vrtec-sezana.si\/wp-content\/uploads\/2025\/12\/IMG_6533-scaled.jpg","_links":{"self":[{"href":"https:\/\/vrtec-sezana.si\/index.php?rest_route=\/wp\/v2\/posts\/31044"}],"collection":[{"href":"https:\/\/vrtec-sezana.si\/index.php?rest_route=\/wp\/v2\/posts"}],"about":[{"href":"https:\/\/vrtec-sezana.si\/index.php?rest_route=\/wp\/v2\/types\/post"}],"author":[{"embeddable":true,"href":"https:\/\/vrtec-sezana.si\/index.php?rest_route=\/wp\/v2\/users\/20"}],"replies":[{"embeddable":true,"href":"https:\/\/vrtec-sezana.si\/index.php?rest_route=%2Fwp%2Fv2%2Fcomments&post=31044"}],"version-history":[{"count":2,"href":"https:\/\/vrtec-sezana.si\/index.php?rest_route=\/wp\/v2\/posts\/31044\/revisions"}],"predecessor-version":[{"id":31046,"href":"https:\/\/vrtec-sezana.si\/index.php?rest_route=\/wp\/v2\/posts\/31044\/revisions\/31046"}],"wp:featuredmedia":[{"embeddable":true,"href":"https:\/\/vrtec-sezana.si\/index.php?rest_route=\/wp\/v2\/media\/31030"}],"wp:attachment":[{"href":"https:\/\/vrtec-sezana.si\/index.php?rest_route=%2Fwp%2Fv2%2Fmedia&parent=31044"}],"wp:term":[{"taxonomy":"category","embeddable":true,"href":"https:\/\/vrtec-sezana.si\/index.php?rest_route=%2Fwp%2Fv2%2Fcategories&post=31044"},{"taxonomy":"post_tag","embeddable":true,"href":"https:\/\/vrtec-sezana.si\/index.php?rest_route=%2Fwp%2Fv2%2Ftags&post=31044"}],"curies":[{"name":"wp","href":"https:\/\/api.w.org\/{rel}","templated":true}]}}