{"id":31016,"date":"2025-12-01T17:55:20","date_gmt":"2025-12-01T16:55:20","guid":{"rendered":"https:\/\/vrtec-sezana.si\/?p=31016"},"modified":"2026-01-11T19:59:34","modified_gmt":"2026-01-11T18:59:34","slug":"barvita-jesen-v-skupini-cebelice-2","status":"publish","type":"post","link":"https:\/\/vrtec-sezana.si\/?p=31016","title":{"rendered":"BARVITA JESEN V SKUPINI \u010cEBELICE"},"content":{"rendered":"\n<p>2. DEL<\/p>\n\n\n\n<p>Ker je najlep\u0161e opazovat naravo zunaj, smo skoraj vsak dan nekaj \u010dasa pre\u017eiveli zunaj. Od\u0161li smo na sprehode, pohode in se pri tem neizmerno zabavali. Tudi de\u017e nas ni zmotil.<\/p>\n\n\n\n<p>Avtor: Tea Zlosel \u0160tolfa<\/p>\n\n\n\n<p>Fotografije: Tea Zlosel \u0160tolfa<\/p>\n\n\n\n<div class=\"wp-block-buttons is-layout-flex wp-block-buttons-is-layout-flex\">\n<div class=\"wp-block-button\"><a class=\"wp-block-button__link wp-element-button\" href=\"https:\/\/vrtec-sezana.si\/?page_id=30993\">GALERIJA<\/a><\/div>\n<\/div>\n","protected":false},"excerpt":{"rendered":"<p>2. DEL Ker je najlep\u0161e opazovat naravo zunaj, smo skoraj vsak dan nekaj \u010dasa pre\u017eiveli zunaj. Od\u0161li smo na sprehode, pohode in se pri tem neizmerno zabavali. Tudi de\u017e nas ni zmotil. Avtor: Tea Zlosel \u0160tolfa Fotografije: Tea Zlosel \u0160tolfa<\/p>\n","protected":false},"author":39,"featured_media":30972,"comment_status":"closed","ping_status":"closed","sticky":false,"template":"","format":"standard","meta":{"footnotes":""},"categories":[12],"tags":[],"jetpack_featured_media_url":"https:\/\/vrtec-sezana.si\/wp-content\/uploads\/2025\/12\/20251020_093417-scaled.jpg","_links":{"self":[{"href":"https:\/\/vrtec-sezana.si\/index.php?rest_route=\/wp\/v2\/posts\/31016"}],"collection":[{"href":"https:\/\/vrtec-sezana.si\/index.php?rest_route=\/wp\/v2\/posts"}],"about":[{"href":"https:\/\/vrtec-sezana.si\/index.php?rest_route=\/wp\/v2\/types\/post"}],"author":[{"embeddable":true,"href":"https:\/\/vrtec-sezana.si\/index.php?rest_route=\/wp\/v2\/users\/39"}],"replies":[{"embeddable":true,"href":"https:\/\/vrtec-sezana.si\/index.php?rest_route=%2Fwp%2Fv2%2Fcomments&post=31016"}],"version-history":[{"count":3,"href":"https:\/\/vrtec-sezana.si\/index.php?rest_route=\/wp\/v2\/posts\/31016\/revisions"}],"predecessor-version":[{"id":32190,"href":"https:\/\/vrtec-sezana.si\/index.php?rest_route=\/wp\/v2\/posts\/31016\/revisions\/32190"}],"wp:featuredmedia":[{"embeddable":true,"href":"https:\/\/vrtec-sezana.si\/index.php?rest_route=\/wp\/v2\/media\/30972"}],"wp:attachment":[{"href":"https:\/\/vrtec-sezana.si\/index.php?rest_route=%2Fwp%2Fv2%2Fmedia&parent=31016"}],"wp:term":[{"taxonomy":"category","embeddable":true,"href":"https:\/\/vrtec-sezana.si\/index.php?rest_route=%2Fwp%2Fv2%2Fcategories&post=31016"},{"taxonomy":"post_tag","embeddable":true,"href":"https:\/\/vrtec-sezana.si\/index.php?rest_route=%2Fwp%2Fv2%2Ftags&post=31016"}],"curies":[{"name":"wp","href":"https:\/\/api.w.org\/{rel}","templated":true}]}}