{"id":30991,"date":"2025-12-01T17:41:46","date_gmt":"2025-12-01T16:41:46","guid":{"rendered":"https:\/\/vrtec-sezana.si\/?p=30991"},"modified":"2026-01-11T20:01:27","modified_gmt":"2026-01-11T19:01:27","slug":"barvita-jesen-v-skupini-cebelice","status":"publish","type":"post","link":"https:\/\/vrtec-sezana.si\/?p=30991","title":{"rendered":"Barvita jesen v skupini \u010cebelice"},"content":{"rendered":"\n<p>Narava je v tem \u010dasu ponujala veliko prilo\u017enosti za opazovanje sprememb in otroci so za\u010deli sami opa\u017eati, kako se barve listov spreminjajo. Sproti so nas opozarjali na rde\u010de, rumene ali rjave liste, ki so jih na\u0161li na tleh. Spontano smo za\u010deli spoznavat in nadgrajevat znanje o barvah.<\/p>\n\n\n\n<p>Prosta igra je potekala z razli\u010dnimi barvnimi igra\u010dami.. Skupaj smo izdelali dekoracijo za pano v igralnici, potem pa smo za\u010deli spoznavat eno barvo za drugo preko razli\u010dnih dejavnosti.<\/p>\n\n\n\n<p>Rde\u010do, modro in rumeno smo spoznavali preko iskanja predmetov v igralnici in na sprehodu, preko pesmi, zgodb, gibanja in ustvarjanja. Barve so za\u010deli povezovati s predmeti, obla\u010dili in materiali, ki jih uporabljamo v vrtcu. Nekateri otroci so jih \u017ee hitro poimenovali, nekateri pa so jih prepoznavali, kadar smo jim ponudili ustrezno vizualno podporo. Nato smo osnovne barve zme\u0161ali in dobili tri nove. \u010ceprav nih\u010de ni znal predvideti, katera barva bo nastala, so u\u017eivali v samem postopku, v razmazovanju barve in opazovanju sprememb.<\/p>\n\n\n\n<p>Imeli smo tudi barvni dan. Otroci so pri\u0161li oble\u010deni v eno barvo mavrice. Skupaj smo se gibali, plesali z rutkami, ustvarili velik barvni krog in ob koncu dejavnosti poskrbeli za umiritev in sprostitev.<\/p>\n\n\n\n<p>Na koncu je vsak izdelal \u0161e svoje jesensko drevo tako, da je zrezal deblo, ga zalepil in z razli\u010dnimi predmeti (vatirane pali\u010dice, duplo kocka in plutovinast zama\u0161ek) tiskal kro\u0161njo.<\/p>\n\n\n\n<p>Avtor: Tea Zlosel \u0160tolfa<\/p>\n\n\n\n<p>Fotografije: Tea Zlosel \u0160tolfa<\/p>\n\n\n\n<p>Se nadaljuje \u2026<\/p>\n\n\n\n<div class=\"wp-block-buttons is-layout-flex wp-block-buttons-is-layout-flex\">\n<div class=\"wp-block-button\"><a class=\"wp-block-button__link wp-element-button\" href=\"https:\/\/vrtec-sezana.si\/?page_id=30952\">GALERIJA<\/a><\/div>\n<\/div>\n","protected":false},"excerpt":{"rendered":"<p>Narava je v tem \u010dasu ponujala veliko prilo\u017enosti za opazovanje sprememb in otroci so za\u010deli sami opa\u017eati, kako se barve listov spreminjajo. Sproti so nas opozarjali na rde\u010de, rumene ali rjave liste, ki so jih na\u0161li na tleh. Spontano smo za\u010deli spoznavat&#8230;<\/p>\n","protected":false},"author":39,"featured_media":30972,"comment_status":"closed","ping_status":"closed","sticky":false,"template":"","format":"standard","meta":{"footnotes":""},"categories":[12],"tags":[],"jetpack_featured_media_url":"https:\/\/vrtec-sezana.si\/wp-content\/uploads\/2025\/12\/20251020_093417-scaled.jpg","_links":{"self":[{"href":"https:\/\/vrtec-sezana.si\/index.php?rest_route=\/wp\/v2\/posts\/30991"}],"collection":[{"href":"https:\/\/vrtec-sezana.si\/index.php?rest_route=\/wp\/v2\/posts"}],"about":[{"href":"https:\/\/vrtec-sezana.si\/index.php?rest_route=\/wp\/v2\/types\/post"}],"author":[{"embeddable":true,"href":"https:\/\/vrtec-sezana.si\/index.php?rest_route=\/wp\/v2\/users\/39"}],"replies":[{"embeddable":true,"href":"https:\/\/vrtec-sezana.si\/index.php?rest_route=%2Fwp%2Fv2%2Fcomments&post=30991"}],"version-history":[{"count":2,"href":"https:\/\/vrtec-sezana.si\/index.php?rest_route=\/wp\/v2\/posts\/30991\/revisions"}],"predecessor-version":[{"id":32192,"href":"https:\/\/vrtec-sezana.si\/index.php?rest_route=\/wp\/v2\/posts\/30991\/revisions\/32192"}],"wp:featuredmedia":[{"embeddable":true,"href":"https:\/\/vrtec-sezana.si\/index.php?rest_route=\/wp\/v2\/media\/30972"}],"wp:attachment":[{"href":"https:\/\/vrtec-sezana.si\/index.php?rest_route=%2Fwp%2Fv2%2Fmedia&parent=30991"}],"wp:term":[{"taxonomy":"category","embeddable":true,"href":"https:\/\/vrtec-sezana.si\/index.php?rest_route=%2Fwp%2Fv2%2Fcategories&post=30991"},{"taxonomy":"post_tag","embeddable":true,"href":"https:\/\/vrtec-sezana.si\/index.php?rest_route=%2Fwp%2Fv2%2Ftags&post=30991"}],"curies":[{"name":"wp","href":"https:\/\/api.w.org\/{rel}","templated":true}]}}