{"id":30612,"date":"2025-11-25T16:37:51","date_gmt":"2025-11-25T15:37:51","guid":{"rendered":"https:\/\/vrtec-sezana.si\/?p=30612"},"modified":"2025-11-25T16:37:51","modified_gmt":"2025-11-25T15:37:51","slug":"teden-slovenske-hrane-v-vrtcu-materija-okusno-poucno-in-doziveto","status":"publish","type":"post","link":"https:\/\/vrtec-sezana.si\/?p=30612","title":{"rendered":"Teden slovenske hrane v vrtcu Materija: okusno, pou\u010dno in do\u017eiveto"},"content":{"rendered":"\n<p>Teden slovenske hrane smo v vrtcu Materija letos obele\u017eili nekoliko druga\u010de \u2013 predvsem pa zelo do\u017eiveto. Otroci so teden pre\u017eiveli v dru\u017ebi posebnih gostov, ki so jim pribli\u017eali delo na kmetiji, \u017eivljenje \u010debel in nastanek tradicionalnih slovenskih \u017eivil, ki jih vsi dobro poznamo.<\/p>\n\n\n\n<p>Najprej sta nas obiskala Domen in Sa\u0161a, lastnika kmetije pr\u2019 Birtovih in star\u0161a deklice iz na\u0161ega vrtca. Otrokom sta predstavila svojo kmetijo, jim razlo\u017eila, s \u010dim se ukvarjajo, ter jim pokazala, kako nastane doma\u010de maslo. Otroci so z velikim zanimanjem opazovali me\u0161anje smetane, prisluhnili razlagi in se veselili trenutka, ko so v posodi zagledali pravo maslo \u2013 tisto, ki ga najdemo tudi na na\u0161ih zajtrkovalnih mizah.<\/p>\n\n\n\n<p>Kasneje v tednu pa smo se potopili \u0161e v svet \u010debel. Obiskal nas je \u010debelar Bojan, letos pa je s seboj pripeljal tudi \u010debelarja Sandija. Otrokom sta predstavila \u010debelarsko opremo, panj in pripomo\u010dke, ki jih \u010debelarji uporabljajo pri svojem delu. Najbolj nas je seveda zanimalo, kako nastane med \u2013 od cveta do kozar\u010dka. Z navdu\u0161enjem smo poslu\u0161ali razlago, nekateri pa si celo nadeli \u010debelarsko obleko ter si pobli\u017ee ogledali satje.<\/p>\n\n\n\n<p>V petek, ko praznujemo Tradicionalni slovenski zajtrk, smo v vrtcu vse skupaj tudi pokusili. Maslo, med, kruh, jabolka in mleko so otrokom \u0161e bolj teknili, saj so vedeli, kako nastanejo in kdo stoji za njimi. Ves teden se je tako lepo zaklju\u010dil ob skupni mizi, polni doma\u010dih dobrot.<\/p>\n\n\n\n<p>Teden slovenske hrane je bil v vrtcu Materija tako poln nasmehov, radovednosti in novih izku\u0161enj. Hvala vsem gostom, ki so si vzeli \u010das za otroke, ter star\u0161em in va\u0161\u010danom, ki nas vedno podpirate pri ustvarjanju tak\u0161nih prijetnih, pou\u010dnih in nepozabnih dni.<\/p>\n\n\n\n<p>Besedilo: Marjeta Prunk Sluga<\/p>\n\n\n\n<p>Fotografije: arhiv enote Materija<\/p>\n\n\n\n<div class=\"wp-block-buttons is-layout-flex wp-block-buttons-is-layout-flex\">\n<div class=\"wp-block-button\"><a class=\"wp-block-button__link wp-element-button\" href=\"https:\/\/vrtec-sezana.si\/?page_id=30595\">GALERIJA<\/a><\/div>\n<\/div>\n","protected":false},"excerpt":{"rendered":"<p>Teden slovenske hrane smo v vrtcu Materija letos obele\u017eili nekoliko druga\u010de \u2013 predvsem pa zelo do\u017eiveto. Otroci so teden pre\u017eiveli v dru\u017ebi posebnih gostov, ki so jim pribli\u017eali delo na kmetiji, \u017eivljenje \u010debel in nastanek tradicionalnih slovenskih \u017eivil, ki jih vsi dobro&#8230;<\/p>\n","protected":false},"author":11,"featured_media":30613,"comment_status":"closed","ping_status":"closed","sticky":false,"template":"","format":"standard","meta":{"footnotes":""},"categories":[16],"tags":[],"jetpack_featured_media_url":"https:\/\/vrtec-sezana.si\/wp-content\/uploads\/2025\/11\/IMG_2195-scaled.jpg","_links":{"self":[{"href":"https:\/\/vrtec-sezana.si\/index.php?rest_route=\/wp\/v2\/posts\/30612"}],"collection":[{"href":"https:\/\/vrtec-sezana.si\/index.php?rest_route=\/wp\/v2\/posts"}],"about":[{"href":"https:\/\/vrtec-sezana.si\/index.php?rest_route=\/wp\/v2\/types\/post"}],"author":[{"embeddable":true,"href":"https:\/\/vrtec-sezana.si\/index.php?rest_route=\/wp\/v2\/users\/11"}],"replies":[{"embeddable":true,"href":"https:\/\/vrtec-sezana.si\/index.php?rest_route=%2Fwp%2Fv2%2Fcomments&post=30612"}],"version-history":[{"count":1,"href":"https:\/\/vrtec-sezana.si\/index.php?rest_route=\/wp\/v2\/posts\/30612\/revisions"}],"predecessor-version":[{"id":30614,"href":"https:\/\/vrtec-sezana.si\/index.php?rest_route=\/wp\/v2\/posts\/30612\/revisions\/30614"}],"wp:featuredmedia":[{"embeddable":true,"href":"https:\/\/vrtec-sezana.si\/index.php?rest_route=\/wp\/v2\/media\/30613"}],"wp:attachment":[{"href":"https:\/\/vrtec-sezana.si\/index.php?rest_route=%2Fwp%2Fv2%2Fmedia&parent=30612"}],"wp:term":[{"taxonomy":"category","embeddable":true,"href":"https:\/\/vrtec-sezana.si\/index.php?rest_route=%2Fwp%2Fv2%2Fcategories&post=30612"},{"taxonomy":"post_tag","embeddable":true,"href":"https:\/\/vrtec-sezana.si\/index.php?rest_route=%2Fwp%2Fv2%2Ftags&post=30612"}],"curies":[{"name":"wp","href":"https:\/\/api.w.org\/{rel}","templated":true}]}}