{"id":30593,"date":"2025-11-25T12:41:46","date_gmt":"2025-11-25T11:41:46","guid":{"rendered":"https:\/\/vrtec-sezana.si\/?p=30593"},"modified":"2025-11-25T12:41:47","modified_gmt":"2025-11-25T11:41:47","slug":"otroci-iz-skupine-krtkov-uzivajo-v-jeseni","status":"publish","type":"post","link":"https:\/\/vrtec-sezana.si\/?p=30593","title":{"rendered":"Otroci iz skupine Krtkov u\u017eivajo v jeseni"},"content":{"rendered":"\n<p>Narava je lepa v vseh letnih \u010dasih, a ko jo jesen pobarva v \u010dudovite rde\u010de, rumene in \u0161krlatne barve, nas prevzame in prebudi \u017eeljo, da se sprehodimo in ob\u010dudujemo \u010darobno pokrajino, ki se po\u010dasi pripravlja k po\u010ditku v vsej njeni pisani lepoti.<\/p>\n\n\n\n<p>Zato se velikokrat odpravimo v gozd pri kalu, kjer otroci res u\u017eivajo, se sprostijo in ustvarjalnost kar puhti iz njih. Iz vej si gradijo skrivali\u0161\u010da, kamni so njihova kladiva, veje so \u017eage\u2026<\/p>\n\n\n\n<p>Igrajo se skrivalnice, drvarijo, telovadijo, plezajo, gradijo\u2026<\/p>\n\n\n\n<p>Z vzgojiteljico Erno smo jim pripravile tudi poligon, kjer so razvijali spretnost, strpnost, medsebojno sodelovanje in zaupanje. Na ves glas pa se je razlegal otro\u0161ki smeh, ko smo si pripravili vihar iz listja.<\/p>\n\n\n\n<p>Na tekstilni podlagi smo se bosi preizkusili v telovadbi (TIBETAN\u010cKI). Tudi na\u0161o igralnico smo okrasili z naravnimi listi, ki smo jih nabirali med sprehodi. Ustvarjali smo drevesa iz gline, jabolka iz volne&nbsp; in pripravili razstavo izdelkov.<\/p>\n\n\n\n<p>Tudi, ko je de\u017eevalo smo se z veseljem odpravili na sprehod z de\u017eniki. Malo smo po\u010dofotali po lu\u017eah in se nadihani sve\u017eega zrake vrnili v vrtec.<\/p>\n\n\n\n<p>Odpravili smo se tudi na pohod proti Rodiku. Med hojo smo opazovali naravo- barve jesenskega listja, oblike dreves, sledove \u017eivali in plodove. Otroci so pripovedovali kaj vse lahko naredimo iz plodov in ugotovili, da nam narava res veliko ponuja, \u010de ji le znamo prisluhniti in uporabiti njene zaklade. Z zanimanjem so iskali stor\u017ee, kamen\u010dke, vejice, liste in v njih prepoznali oblike, ki so jih spominjali na razli\u010dne \u017eivali.<\/p>\n\n\n\n<p>V nahrbtniku smo si prinesli malico, en sade\u017e, ki je \u0161e bolj teknil kot v vrtcu. Pre\u017eiveli smo \u010dudovit dopoldan, poln gibanja in raziskovanja.<\/p>\n\n\n\n<p>\u010ceprav malo utrujeni pa vendar polni lepih vtisov in novih znanj.<\/p>\n\n\n\n<p>\u00a0Besedilo: Nadja Hlad<\/p>\n\n\n\n<p>Fotografije: arhiv oddelka<\/p>\n\n\n\n<p><\/p>\n\n\n\n<p><\/p>\n\n\n\n<div class=\"wp-block-buttons is-layout-flex wp-block-buttons-is-layout-flex\">\n<div class=\"wp-block-button\"><a class=\"wp-block-button__link wp-element-button\" href=\"https:\/\/vrtec-sezana.si\/?page_id=30570\">GALERIJA<\/a><\/div>\n<\/div>\n","protected":false},"excerpt":{"rendered":"<p>Narava je lepa v vseh letnih \u010dasih, a ko jo jesen pobarva v \u010dudovite rde\u010de, rumene in \u0161krlatne barve, nas prevzame in prebudi \u017eeljo, da se sprehodimo in ob\u010dudujemo \u010darobno pokrajino, ki se po\u010dasi pripravlja k po\u010ditku v vsej njeni pisani lepoti&#8230;.<\/p>\n","protected":false},"author":35,"featured_media":30591,"comment_status":"closed","ping_status":"closed","sticky":false,"template":"","format":"standard","meta":{"footnotes":""},"categories":[10],"tags":[],"jetpack_featured_media_url":"https:\/\/vrtec-sezana.si\/wp-content\/uploads\/2025\/11\/NASLOVNA-3-scaled.jpg","_links":{"self":[{"href":"https:\/\/vrtec-sezana.si\/index.php?rest_route=\/wp\/v2\/posts\/30593"}],"collection":[{"href":"https:\/\/vrtec-sezana.si\/index.php?rest_route=\/wp\/v2\/posts"}],"about":[{"href":"https:\/\/vrtec-sezana.si\/index.php?rest_route=\/wp\/v2\/types\/post"}],"author":[{"embeddable":true,"href":"https:\/\/vrtec-sezana.si\/index.php?rest_route=\/wp\/v2\/users\/35"}],"replies":[{"embeddable":true,"href":"https:\/\/vrtec-sezana.si\/index.php?rest_route=%2Fwp%2Fv2%2Fcomments&post=30593"}],"version-history":[{"count":1,"href":"https:\/\/vrtec-sezana.si\/index.php?rest_route=\/wp\/v2\/posts\/30593\/revisions"}],"predecessor-version":[{"id":30594,"href":"https:\/\/vrtec-sezana.si\/index.php?rest_route=\/wp\/v2\/posts\/30593\/revisions\/30594"}],"wp:featuredmedia":[{"embeddable":true,"href":"https:\/\/vrtec-sezana.si\/index.php?rest_route=\/wp\/v2\/media\/30591"}],"wp:attachment":[{"href":"https:\/\/vrtec-sezana.si\/index.php?rest_route=%2Fwp%2Fv2%2Fmedia&parent=30593"}],"wp:term":[{"taxonomy":"category","embeddable":true,"href":"https:\/\/vrtec-sezana.si\/index.php?rest_route=%2Fwp%2Fv2%2Fcategories&post=30593"},{"taxonomy":"post_tag","embeddable":true,"href":"https:\/\/vrtec-sezana.si\/index.php?rest_route=%2Fwp%2Fv2%2Ftags&post=30593"}],"curies":[{"name":"wp","href":"https:\/\/api.w.org\/{rel}","templated":true}]}}