{"id":28802,"date":"2025-10-10T11:44:48","date_gmt":"2025-10-10T10:44:48","guid":{"rendered":"https:\/\/vrtec-sezana.si\/?p=28802"},"modified":"2025-10-10T11:44:48","modified_gmt":"2025-10-10T10:44:48","slug":"september-mesec-uvajanja-nasih-najmlajsih","status":"publish","type":"post","link":"https:\/\/vrtec-sezana.si\/?p=28802","title":{"rendered":"September \u2013 mesec uvajanja na\u0161ih najmlaj\u0161ih"},"content":{"rendered":"\n<p>Septembra smo v na\u0161 vrtec in v skupino Zvezdice z veseljem sprejeli skupino novih mal\u010dkov, ki so prvi\u010d prestopili vrata vrtca. Za ve\u010dino otrok je bil to velik korak \u2013 lo\u010ditev od star\u0161ev, novo okolje, novi obrazi in nova rutina. Prvi dnevi so bili polni solzic in objemo<strong>v<\/strong>, a z veliko topline, potrpe\u017eljivosti in ne\u017enosti smo skupaj premagali za\u010detne stiske.<\/p>\n\n\n\n<p>Danes je vzdu\u0161je v igralnici \u017ee povsem druga\u010dno \u2013 otroci se spro\u0161\u010deno igrajo, raziskujejo nove igra\u010de in prostor, se veselijo dru\u017ebe prijateljev. Veliko \u010dasa pre\u017eivimo na na\u0161i terasi, kjer otroci u\u017eivajo v igri na sve\u017eem zraku, opazujejo naravo in razvijajo medsebojne odnose.<\/p>\n\n\n\n<p>Za nami je uspe\u0161en prvi mesec, poln novih izku\u0161enj, nasmehov in drobnih korakov k samostojnosti. Veselimo se vsega lepega, kar \u0161e prihaja!<\/p>\n\n\n\n<p>Besedilo: Tina Tav\u010dar<\/p>\n\n\n\n<p>Fotografije: Tina Tav\u010dar<\/p>\n\n\n\n<div class=\"wp-block-buttons is-layout-flex wp-block-buttons-is-layout-flex\">\n<div class=\"wp-block-button\"><a class=\"wp-block-button__link wp-element-button\" href=\"https:\/\/vrtec-sezana.si\/?page_id=28779\">GALERIJA<\/a><\/div>\n\n\n\n\n<\/div>\n","protected":false},"excerpt":{"rendered":"<p>Septembra smo v na\u0161 vrtec in v skupino Zvezdice z veseljem sprejeli skupino novih mal\u010dkov, ki so prvi\u010d prestopili vrata vrtca. Za ve\u010dino otrok je bil to velik korak \u2013 lo\u010ditev od star\u0161ev, novo okolje, novi obrazi in nova rutina. Prvi dnevi&#8230;<\/p>\n","protected":false},"author":35,"featured_media":28800,"comment_status":"closed","ping_status":"closed","sticky":false,"template":"","format":"standard","meta":{"footnotes":""},"categories":[10],"tags":[],"jetpack_featured_media_url":"https:\/\/vrtec-sezana.si\/wp-content\/uploads\/2025\/10\/Posnetek-zaslona-2025-10-10-124307.jpg","_links":{"self":[{"href":"https:\/\/vrtec-sezana.si\/index.php?rest_route=\/wp\/v2\/posts\/28802"}],"collection":[{"href":"https:\/\/vrtec-sezana.si\/index.php?rest_route=\/wp\/v2\/posts"}],"about":[{"href":"https:\/\/vrtec-sezana.si\/index.php?rest_route=\/wp\/v2\/types\/post"}],"author":[{"embeddable":true,"href":"https:\/\/vrtec-sezana.si\/index.php?rest_route=\/wp\/v2\/users\/35"}],"replies":[{"embeddable":true,"href":"https:\/\/vrtec-sezana.si\/index.php?rest_route=%2Fwp%2Fv2%2Fcomments&post=28802"}],"version-history":[{"count":1,"href":"https:\/\/vrtec-sezana.si\/index.php?rest_route=\/wp\/v2\/posts\/28802\/revisions"}],"predecessor-version":[{"id":28803,"href":"https:\/\/vrtec-sezana.si\/index.php?rest_route=\/wp\/v2\/posts\/28802\/revisions\/28803"}],"wp:featuredmedia":[{"embeddable":true,"href":"https:\/\/vrtec-sezana.si\/index.php?rest_route=\/wp\/v2\/media\/28800"}],"wp:attachment":[{"href":"https:\/\/vrtec-sezana.si\/index.php?rest_route=%2Fwp%2Fv2%2Fmedia&parent=28802"}],"wp:term":[{"taxonomy":"category","embeddable":true,"href":"https:\/\/vrtec-sezana.si\/index.php?rest_route=%2Fwp%2Fv2%2Fcategories&post=28802"},{"taxonomy":"post_tag","embeddable":true,"href":"https:\/\/vrtec-sezana.si\/index.php?rest_route=%2Fwp%2Fv2%2Ftags&post=28802"}],"curies":[{"name":"wp","href":"https:\/\/api.w.org\/{rel}","templated":true}]}}