{"id":28765,"date":"2025-10-09T07:10:04","date_gmt":"2025-10-09T06:10:04","guid":{"rendered":"https:\/\/vrtec-sezana.si\/?p=28765"},"modified":"2025-10-09T07:15:26","modified_gmt":"2025-10-09T06:15:26","slug":"september-v-skupini-cebelice-2","status":"publish","type":"post","link":"https:\/\/vrtec-sezana.si\/?p=28765","title":{"rendered":"SEPTEMBER V SKUPINI \u010cEBELICE"},"content":{"rendered":"\n<p>Konec avgusta smo vstopili v novo \u0161olsko leto, ki je prineslo kar nekaj sprememb. Novi obrazi, nova igralnica \u2013 a z medsebojno pomo\u010djo smo vse novosti lepo sprejeli. Prosta igra, vodene dejavnosti in raziskovanje okolice vrtca so nas povezali in okrepili na\u0161o skupnost.<\/p>\n\n\n\n<p>Kombiniran oddelek se je izkazal kot velika prednost, tako za mlaj\u0161e kot starej\u0161e otroke. Starej\u0161i z veseljem pomagajo mlaj\u0161im, ti pa se od njih u\u010dijo. Postali smo prava vrt\u010devska dru\u017eina. Skupaj pojemo, ple\u0161emo, telovadimo in se igramo.<\/p>\n\n\n\n<p>Na prvi \u0161olski dan smo obiskali gasilce pred osnovno \u0161olo. Pokazali so nam svoja vozila, pomerili pa smo tudi gasilske \u010delade, kar je bilo za otroke prav posebno do\u017eivetje.<\/p>\n\n\n\n<p>Prvi dan jeseni smo obele\u017eili s sadnim dnem. Vsak otrok si je pripravil svojo sadno kupo, vse skupine pa smo sodelovale pri okrasitvi vrtca, ki je za\u017earel v jesenskih barvah.<\/p>\n\n\n\n<p>Ob svetovnem dnevu turizma smo se odpravili v gozd, kjer smo pod drevesom prebrali nekaj pesmic iz zbirke I\u0161\u010demo hi\u0161ico (Anja \u0160tefan). Narava in poezija sta se \u010dudovito prepletli.<\/p>\n\n\n\n<p>Za veliko smeha in gibanja pa je poskrbelo dru\u0161tvo Poskokec, ki nas je obiskal in nam pripravil gibalno uro v garderobi.<\/p>\n\n\n\n<p>Tudi na vrt\u010devski gredici ni manjkalo dogajanja. Skupaj smo populili travo, prekopali zemljo in posejali repo. Kaj sledi? \u2013 pustimo se presenetiti!<\/p>\n\n\n\n<p>Besedilo in fotografije: Tea Zlosel \u0160tolfa<\/p>\n\n\n\n<div class=\"wp-block-buttons is-layout-flex wp-block-buttons-is-layout-flex\">\n<div class=\"wp-block-button\"><a class=\"wp-block-button__link wp-element-button\" href=\"https:\/\/vrtec-sezana.si\/?page_id=28729\">GALERIJA<\/a><\/div>\n<\/div>\n","protected":false},"excerpt":{"rendered":"<p>Konec avgusta smo vstopili v novo \u0161olsko leto, ki je prineslo kar nekaj sprememb. Novi obrazi, nova igralnica \u2013 a z medsebojno pomo\u010djo smo vse novosti lepo sprejeli. Prosta igra, vodene dejavnosti in raziskovanje okolice vrtca so nas povezali in okrepili na\u0161o&#8230;<\/p>\n","protected":false},"author":39,"featured_media":28766,"comment_status":"closed","ping_status":"closed","sticky":false,"template":"","format":"standard","meta":{"footnotes":""},"categories":[12],"tags":[],"jetpack_featured_media_url":"https:\/\/vrtec-sezana.si\/wp-content\/uploads\/2025\/10\/Izdelek-brez-naslova.jpg","_links":{"self":[{"href":"https:\/\/vrtec-sezana.si\/index.php?rest_route=\/wp\/v2\/posts\/28765"}],"collection":[{"href":"https:\/\/vrtec-sezana.si\/index.php?rest_route=\/wp\/v2\/posts"}],"about":[{"href":"https:\/\/vrtec-sezana.si\/index.php?rest_route=\/wp\/v2\/types\/post"}],"author":[{"embeddable":true,"href":"https:\/\/vrtec-sezana.si\/index.php?rest_route=\/wp\/v2\/users\/39"}],"replies":[{"embeddable":true,"href":"https:\/\/vrtec-sezana.si\/index.php?rest_route=%2Fwp%2Fv2%2Fcomments&post=28765"}],"version-history":[{"count":2,"href":"https:\/\/vrtec-sezana.si\/index.php?rest_route=\/wp\/v2\/posts\/28765\/revisions"}],"predecessor-version":[{"id":28769,"href":"https:\/\/vrtec-sezana.si\/index.php?rest_route=\/wp\/v2\/posts\/28765\/revisions\/28769"}],"wp:featuredmedia":[{"embeddable":true,"href":"https:\/\/vrtec-sezana.si\/index.php?rest_route=\/wp\/v2\/media\/28766"}],"wp:attachment":[{"href":"https:\/\/vrtec-sezana.si\/index.php?rest_route=%2Fwp%2Fv2%2Fmedia&parent=28765"}],"wp:term":[{"taxonomy":"category","embeddable":true,"href":"https:\/\/vrtec-sezana.si\/index.php?rest_route=%2Fwp%2Fv2%2Fcategories&post=28765"},{"taxonomy":"post_tag","embeddable":true,"href":"https:\/\/vrtec-sezana.si\/index.php?rest_route=%2Fwp%2Fv2%2Ftags&post=28765"}],"curies":[{"name":"wp","href":"https:\/\/api.w.org\/{rel}","templated":true}]}}