{"id":28726,"date":"2025-10-08T13:32:27","date_gmt":"2025-10-08T12:32:27","guid":{"rendered":"https:\/\/vrtec-sezana.si\/?p=28726"},"modified":"2025-10-08T13:32:27","modified_gmt":"2025-10-08T12:32:27","slug":"obelezili-smo-svetovni-dan-turizma-branje-v-gozdu-in-obisk-gozdne-knjiznice","status":"publish","type":"post","link":"https:\/\/vrtec-sezana.si\/?p=28726","title":{"rendered":"Obele\u017eili smo svetovni dan turizma: branje v gozdu in obisk gozdne knji\u017enice\u00a0"},"content":{"rendered":"\n<p>Ob svetovnem dnevu turizma smo se otroci iz skupine Je\u017eki odlo\u010dili, da dan pre\u017eivimo nekoliko druga\u010de \u2013 v objemu narave. Skupaj smo se odpravili v bli\u017enji gozd, kjer so otroci raziskovali naravne lepote, poslu\u0161ali zvoke gozda in opazovali jesenske spremembe v naravi.&nbsp;<\/p>\n\n\n\n<p>Posebno do\u017eivetje dneva je bilo pravlji\u010dno branje. V senci dreves jim je vzgojiteljica prebrala pravljico \u00bbJabolko\u00ab Anje \u0160tefan, ki je otroke popeljala v svet prijateljstva, deljenja in veselja ob drobnih stvareh. Otroci so zgodbo pozorno poslu\u0161ali, nato pa so skupaj razmi\u0161ljali o tem, kaj vse nam narava podarja in zakaj je pomembno, da zanjo skrbimo.&nbsp;<\/p>\n\n\n\n<p>Tak\u0161na do\u017eivetja otrokom ponujajo prilo\u017enost, da:&nbsp;<\/p>\n\n\n\n<ul>\n<li>do\u017eivijo naravo z vsemi \u010dutili,&nbsp;<\/li>\n\n\n\n<li>razvijajo domi\u0161ljijo in jezik skozi literaturo,&nbsp;<\/li>\n\n\n\n<li>spoznavajo vrednote deljenja in medsebojne pomo\u010di,&nbsp;<\/li>\n\n\n\n<li>krepijo gibalne spretnosti s hojo in raziskovanjem gozda.&nbsp;<\/li>\n<\/ul>\n\n\n\n<p>Dan smo zaklju\u010dili z igro na gozdni jasi, kjer so otroci s toplino in radovednostjo pokazali, da je narava resni\u010dno najbolj\u0161e igri\u0161\u010de.&nbsp;<\/p>\n\n\n\n<p>Obele\u017eitev svetovnega dne turizma nas je spomnila, da ni treba potovati dale\u010d, da do\u017eivimo nekaj posebnega \u2013 najve\u010dje zaklade pogosto najdemo kar v bli\u017enjem gozdu.&nbsp;<\/p>\n\n\n\n<p>Besedilo: Mateja Kapun&nbsp;<\/p>\n\n\n\n<p>Fotografije: Mateja Kapun<\/p>\n\n\n\n<div class=\"wp-block-buttons is-layout-flex wp-block-buttons-is-layout-flex\">\n<div class=\"wp-block-button\"><a class=\"wp-block-button__link wp-element-button\" href=\"https:\/\/vrtec-sezana.si\/?page_id=28704\">GALERIJA<\/a><\/div>\n\n\n\n\n<\/div>\n","protected":false},"excerpt":{"rendered":"<p>Ob svetovnem dnevu turizma smo se otroci iz skupine Je\u017eki odlo\u010dili, da dan pre\u017eivimo nekoliko druga\u010de \u2013 v objemu narave. Skupaj smo se odpravili v bli\u017enji gozd, kjer so otroci raziskovali naravne lepote, poslu\u0161ali zvoke gozda in opazovali jesenske spremembe v naravi.&nbsp;&#8230;<\/p>\n","protected":false},"author":35,"featured_media":28720,"comment_status":"closed","ping_status":"closed","sticky":false,"template":"","format":"standard","meta":{"footnotes":""},"categories":[10],"tags":[],"jetpack_featured_media_url":"https:\/\/vrtec-sezana.si\/wp-content\/uploads\/2025\/10\/1957075.2e16d0ba.fill-523x436-1.jpg","_links":{"self":[{"href":"https:\/\/vrtec-sezana.si\/index.php?rest_route=\/wp\/v2\/posts\/28726"}],"collection":[{"href":"https:\/\/vrtec-sezana.si\/index.php?rest_route=\/wp\/v2\/posts"}],"about":[{"href":"https:\/\/vrtec-sezana.si\/index.php?rest_route=\/wp\/v2\/types\/post"}],"author":[{"embeddable":true,"href":"https:\/\/vrtec-sezana.si\/index.php?rest_route=\/wp\/v2\/users\/35"}],"replies":[{"embeddable":true,"href":"https:\/\/vrtec-sezana.si\/index.php?rest_route=%2Fwp%2Fv2%2Fcomments&post=28726"}],"version-history":[{"count":1,"href":"https:\/\/vrtec-sezana.si\/index.php?rest_route=\/wp\/v2\/posts\/28726\/revisions"}],"predecessor-version":[{"id":28727,"href":"https:\/\/vrtec-sezana.si\/index.php?rest_route=\/wp\/v2\/posts\/28726\/revisions\/28727"}],"wp:featuredmedia":[{"embeddable":true,"href":"https:\/\/vrtec-sezana.si\/index.php?rest_route=\/wp\/v2\/media\/28720"}],"wp:attachment":[{"href":"https:\/\/vrtec-sezana.si\/index.php?rest_route=%2Fwp%2Fv2%2Fmedia&parent=28726"}],"wp:term":[{"taxonomy":"category","embeddable":true,"href":"https:\/\/vrtec-sezana.si\/index.php?rest_route=%2Fwp%2Fv2%2Fcategories&post=28726"},{"taxonomy":"post_tag","embeddable":true,"href":"https:\/\/vrtec-sezana.si\/index.php?rest_route=%2Fwp%2Fv2%2Ftags&post=28726"}],"curies":[{"name":"wp","href":"https:\/\/api.w.org\/{rel}","templated":true}]}}