{"id":28676,"date":"2025-10-07T19:14:30","date_gmt":"2025-10-07T18:14:30","guid":{"rendered":"https:\/\/vrtec-sezana.si\/?p=28676"},"modified":"2025-10-07T19:20:41","modified_gmt":"2025-10-07T18:20:41","slug":"zacetni-utrinki-solskega-leta-v-vrtcu-senozece","status":"publish","type":"post","link":"https:\/\/vrtec-sezana.si\/?p=28676","title":{"rendered":"Za\u010detni utrinki novega \u0161olskega leta v vrtcu Seno\u017ee\u010de"},"content":{"rendered":"\n<p>Mesec september je poseben mesec. Je mesec uvajanja, prilagajanja in spoznavanja, tako za otroke kot tudi za star\u0161e in vzgojiteljice. Je \u010das novih skupin, novih pravil, novih vzgojiteljic in kar je najlep\u0161e, novih prijateljstev. Za nekatere otroke je to \u010das radosti in raziskovanja, za druge pa nekoliko bolj \u010dustven prehod, poln solzic in objemov. A kot pri vseh novih izku\u0161njah je z vsakim dnem &nbsp;la\u017eje, prijetneje in zanimivej\u0161e. V prvih tednih smo veliko \u010dasa namenili dru\u017eenju in sklepanju novih prijateljstev. Otroci iz vseh skupin smo se povezovali ob skupnih dejavnostih. Skupaj smo se dru\u017eili na gibalnih poligonih v telovadnici, si ogledali lutkovno predstavo <em>Razbita bu\u010da<\/em>, peli otro\u0161ke pesmice, igrali socialne igre, veliko ustvarjali in pre\u017eivljali \u010das na \u0161olskem in vrt\u010devskem igri\u0161\u010du. Ob vseh teh do\u017eivetjih smo med seboj stkali prve prave prijateljske vezi.<\/p>\n\n\n\n<p>September smo zaklju\u010dili z nasmehi, novimi do\u017eivetji in \u0161tevilnimi lepimi trenutki. Vse utrinke pa si lahko ogledate v spodnji galeriji fotografij. Naj bo to le za\u010detek poti, ki jo bomo skupaj ustvarjali z igro, u\u010denjem in prijateljstvom skozi vse leto.<\/p>\n\n\n\n<p>Besedilo: Ur\u0161ka Milavec<\/p>\n\n\n\n<p>Fotografije: Arhiv vrtca Seno\u017ee\u010de<\/p>\n\n\n\n<div class=\"wp-block-buttons is-layout-flex wp-block-buttons-is-layout-flex\">\n<div class=\"wp-block-button\"><a class=\"wp-block-button__link wp-element-button\" href=\"https:\/\/vrtec-sezana.si\/?page_id=28652\">GALERIJA<\/a><\/div>\n<\/div>\n","protected":false},"excerpt":{"rendered":"<p>Mesec september je poseben mesec. Je mesec uvajanja, prilagajanja in spoznavanja, tako za otroke kot tudi za star\u0161e in vzgojiteljice. Je \u010das novih skupin, novih pravil, novih vzgojiteljic in kar je najlep\u0161e, novih prijateljstev. Za nekatere otroke je to \u010das radosti in&#8230;<\/p>\n","protected":false},"author":24,"featured_media":28674,"comment_status":"closed","ping_status":"closed","sticky":false,"template":"","format":"standard","meta":{"footnotes":""},"categories":[14],"tags":[],"jetpack_featured_media_url":"https:\/\/vrtec-sezana.si\/wp-content\/uploads\/2025\/10\/naslovna-slika-scaled-e1759860848650.jpg","_links":{"self":[{"href":"https:\/\/vrtec-sezana.si\/index.php?rest_route=\/wp\/v2\/posts\/28676"}],"collection":[{"href":"https:\/\/vrtec-sezana.si\/index.php?rest_route=\/wp\/v2\/posts"}],"about":[{"href":"https:\/\/vrtec-sezana.si\/index.php?rest_route=\/wp\/v2\/types\/post"}],"author":[{"embeddable":true,"href":"https:\/\/vrtec-sezana.si\/index.php?rest_route=\/wp\/v2\/users\/24"}],"replies":[{"embeddable":true,"href":"https:\/\/vrtec-sezana.si\/index.php?rest_route=%2Fwp%2Fv2%2Fcomments&post=28676"}],"version-history":[{"count":3,"href":"https:\/\/vrtec-sezana.si\/index.php?rest_route=\/wp\/v2\/posts\/28676\/revisions"}],"predecessor-version":[{"id":28680,"href":"https:\/\/vrtec-sezana.si\/index.php?rest_route=\/wp\/v2\/posts\/28676\/revisions\/28680"}],"wp:featuredmedia":[{"embeddable":true,"href":"https:\/\/vrtec-sezana.si\/index.php?rest_route=\/wp\/v2\/media\/28674"}],"wp:attachment":[{"href":"https:\/\/vrtec-sezana.si\/index.php?rest_route=%2Fwp%2Fv2%2Fmedia&parent=28676"}],"wp:term":[{"taxonomy":"category","embeddable":true,"href":"https:\/\/vrtec-sezana.si\/index.php?rest_route=%2Fwp%2Fv2%2Fcategories&post=28676"},{"taxonomy":"post_tag","embeddable":true,"href":"https:\/\/vrtec-sezana.si\/index.php?rest_route=%2Fwp%2Fv2%2Ftags&post=28676"}],"curies":[{"name":"wp","href":"https:\/\/api.w.org\/{rel}","templated":true}]}}