{"id":25319,"date":"2025-05-19T22:11:43","date_gmt":"2025-05-19T21:11:43","guid":{"rendered":"https:\/\/vrtec-sezana.si\/?p=25319"},"modified":"2025-05-19T22:11:44","modified_gmt":"2025-05-19T21:11:44","slug":"obisk-gasilskega-doma-sezana","status":"publish","type":"post","link":"https:\/\/vrtec-sezana.si\/?p=25319","title":{"rendered":"Obisk gasilskega doma Se\u017eana"},"content":{"rendered":"\n<p>V ponedeljek popoldne smo se otroci iz skupine Je\u017eki, skupaj s star\u0161i, zbrali pred gasilskim domom v Se\u017eani. Gasilci so nas prijazno sprejeli in nas povabili v sprejemno pisarno, kjer smo si ogledali ra\u010dunalnike, kamere in drugo opremo, ki jo uporabljajo za sprejem klicev v sili ter za usklajevanje intervencij.<\/p>\n\n\n\n<p>Nato smo se po stopnicah spustili do garderob, kjer so si otroci z navdu\u0161enjem pomirili gasilske \u010delade. Sledil je ogled gara\u017ee z gasilskimi vozili, kjer so otroci sodelovali v zabavni igri vle\u010denja gasilske cevi.<\/p>\n\n\n\n<p>Za zaklju\u010dek pa nas je \u010dakalo posebno presene\u010denje \u2013 vsak otrok je lahko poizkusil \u0161pricati vodo s pravo gasilsko cevjo, ki je bila priklju\u010dena kar na gasilsko vozilo!<\/p>\n\n\n\n<p>Dogodek je bil poln navdu\u0161enja, radovednosti in otro\u0161kega smeha. Hvale\u017eni smo gasilcem za topel sprejem in nepozabno izku\u0161njo!<\/p>\n\n\n\n<p>Sre\u010danje smo zaklju\u010dili pod lipo, kjer smo ob prigrizku, prijetnem klepetu skupaj ustvarili trenutek s skupnimi spomini.<\/p>\n\n\n\n<p>Hvala vam star\u0161i za vse lepe trenutke, ki smo jih pre\u017eiveli skupaj.<\/p>\n\n\n\n<p><br>Besedilo: Alenka Poto\u010dnik<\/p>\n\n\n\n<p>Fotografije: Alenka Poto\u010dnik<\/p>\n\n\n\n<div class=\"wp-block-buttons is-layout-flex wp-block-buttons-is-layout-flex\">\n<div class=\"wp-block-button\"><a class=\"wp-block-button__link wp-element-button\" href=\"https:\/\/vrtec-sezana.si\/?page_id=25295\">GALERIJA<\/a><\/div>\n\n\n\n\n<\/div>\n","protected":false},"excerpt":{"rendered":"<p>V ponedeljek popoldne smo se otroci iz skupine Je\u017eki, skupaj s star\u0161i, zbrali pred gasilskim domom v Se\u017eani. Gasilci so nas prijazno sprejeli in nas povabili v sprejemno pisarno, kjer smo si ogledali ra\u010dunalnike, kamere in drugo opremo, ki jo uporabljajo za&#8230;<\/p>\n","protected":false},"author":26,"featured_media":25296,"comment_status":"closed","ping_status":"closed","sticky":false,"template":"","format":"standard","meta":{"footnotes":""},"categories":[6],"tags":[],"jetpack_featured_media_url":"https:\/\/vrtec-sezana.si\/wp-content\/uploads\/2025\/05\/vozni_park_2.exp7_.jpg","_links":{"self":[{"href":"https:\/\/vrtec-sezana.si\/index.php?rest_route=\/wp\/v2\/posts\/25319"}],"collection":[{"href":"https:\/\/vrtec-sezana.si\/index.php?rest_route=\/wp\/v2\/posts"}],"about":[{"href":"https:\/\/vrtec-sezana.si\/index.php?rest_route=\/wp\/v2\/types\/post"}],"author":[{"embeddable":true,"href":"https:\/\/vrtec-sezana.si\/index.php?rest_route=\/wp\/v2\/users\/26"}],"replies":[{"embeddable":true,"href":"https:\/\/vrtec-sezana.si\/index.php?rest_route=%2Fwp%2Fv2%2Fcomments&post=25319"}],"version-history":[{"count":1,"href":"https:\/\/vrtec-sezana.si\/index.php?rest_route=\/wp\/v2\/posts\/25319\/revisions"}],"predecessor-version":[{"id":25320,"href":"https:\/\/vrtec-sezana.si\/index.php?rest_route=\/wp\/v2\/posts\/25319\/revisions\/25320"}],"wp:featuredmedia":[{"embeddable":true,"href":"https:\/\/vrtec-sezana.si\/index.php?rest_route=\/wp\/v2\/media\/25296"}],"wp:attachment":[{"href":"https:\/\/vrtec-sezana.si\/index.php?rest_route=%2Fwp%2Fv2%2Fmedia&parent=25319"}],"wp:term":[{"taxonomy":"category","embeddable":true,"href":"https:\/\/vrtec-sezana.si\/index.php?rest_route=%2Fwp%2Fv2%2Fcategories&post=25319"},{"taxonomy":"post_tag","embeddable":true,"href":"https:\/\/vrtec-sezana.si\/index.php?rest_route=%2Fwp%2Fv2%2Ftags&post=25319"}],"curies":[{"name":"wp","href":"https:\/\/api.w.org\/{rel}","templated":true}]}}